{"id":1113,"date":"2020-01-10T23:49:11","date_gmt":"2020-01-10T21:49:11","guid":{"rendered":"https:\/\/radzima.eu\/?p=1113"},"modified":"2021-01-18T00:35:11","modified_gmt":"2021-01-17T22:35:11","slug":"kutse-fototoode-naituse-muinasjutt-meie-seas-avamisele","status":"publish","type":"post","link":"https:\/\/radzima.eu\/et\/kutse-fototoode-naituse-muinasjutt-meie-seas-avamisele\/","title":{"rendered":"Kutse fotot\u00f6\u00f6de n\u00e4ituse &#8220;Muinasjutt meie seas&#8221; avamisele."},"content":{"rendered":"<strong><span class=\"JLqJ4b ChMk0b\" data-language-for-alternatives=\"et\" data-language-to-translate-into=\"ru\" data-phrase-index=\"0\">Kutse fotot\u00f6\u00f6de n\u00e4ituse &#8220;Muinasjutt meie seas&#8221; avamisele.<\/span><\/strong><\/p>\n<p><span class=\"JLqJ4b ChMk0b\" data-language-for-alternatives=\"et\" data-language-to-translate-into=\"ru\" data-phrase-index=\"0\">Fotot\u00f6\u00f6de n\u00e4ituse autorid &#8211; Tallinna esteetilise kasvatuse keskuse liikmed arvutigraafik Victoria Baranova\u00a0 ja kuulus graafilise disainer Ruben Igitkhanjan.<\/span><\/p>\n<p><span class=\"JLqJ4b ChMk0b\" data-language-for-alternatives=\"et\" data-language-to-translate-into=\"ru\" data-phrase-index=\"2\">N\u00e4ituse pidulik avamine toimub 17. jaanuaril 2020 kell 17.00 Vene Kultuurikeskuse kunstigaleriis aadressil: Mere pst.<\/span> <span class=\"JLqJ4b ChMk0b\" data-language-for-alternatives=\"et\" data-language-to-translate-into=\"ru\" data-phrase-index=\"3\">5, Tallinn.<\/span><\/p>\n<p><a href=\"https:\/\/radzima.eu\/wp-content\/uploads\/2021\/01\/17-01-20-\u0426\u0420\u041a-\u0422\u0426\u042d\u0412-\u043e\u0442\u043a\u0440-\u0432\u044b\u0441\u0442\u0430\u0432\u043a.jpg\"><img loading=\"lazy\" decoding=\"async\" class=\"alignleft size-medium wp-image-1110\" src=\"https:\/\/radzima.eu\/wp-content\/uploads\/2021\/01\/17-01-20-\u0426\u0420\u041a-\u0422\u0426\u042d\u0412-\u043e\u0442\u043a\u0440-\u0432\u044b\u0441\u0442\u0430\u0432\u043a-300x217.jpg\" alt=\"\" width=\"300\" height=\"217\" srcset=\"https:\/\/radzima.eu\/wp-content\/uploads\/2021\/01\/17-01-20-\u0426\u0420\u041a-\u0422\u0426\u042d\u0412-\u043e\u0442\u043a\u0440-\u0432\u044b\u0441\u0442\u0430\u0432\u043a-300x217.jpg 300w, https:\/\/radzima.eu\/wp-content\/uploads\/2021\/01\/17-01-20-\u0426\u0420\u041a-\u0422\u0426\u042d\u0412-\u043e\u0442\u043a\u0440-\u0432\u044b\u0441\u0442\u0430\u0432\u043a-768x556.jpg 768w, https:\/\/radzima.eu\/wp-content\/uploads\/2021\/01\/17-01-20-\u0426\u0420\u041a-\u0422\u0426\u042d\u0412-\u043e\u0442\u043a\u0440-\u0432\u044b\u0441\u0442\u0430\u0432\u043a-1024x742.jpg 1024w, https:\/\/radzima.eu\/wp-content\/uploads\/2021\/01\/17-01-20-\u0426\u0420\u041a-\u0422\u0426\u042d\u0412-\u043e\u0442\u043a\u0440-\u0432\u044b\u0441\u0442\u0430\u0432\u043a.jpg 1657w\" sizes=\"auto, (max-width: 300px) 100vw, 300px\" \/><\/a>","protected":false},"excerpt":{"rendered":"<p>Kutse fotot\u00f6\u00f6de n\u00e4ituse &#8220;Muinasjutt meie seas&#8221; avamisele. Fotot\u00f6\u00f6de n\u00e4ituse autorid &#8211; Tallinna esteetilise kasvatuse keskuse liikmed arvutigraafik Victoria Baranova\u00a0 ja kuulus graafilise disainer Ruben Igitkhanjan. N\u00e4ituse pidulik avamine toimub 17. jaanuaril 2020<a class=\"moretag\" href=\"https:\/\/radzima.eu\/et\/kutse-fototoode-naituse-muinasjutt-meie-seas-avamisele\/\">Read More&#8230;<\/a><\/p>\n","protected":false},"author":1,"featured_media":0,"comment_status":"closed","ping_status":"closed","sticky":false,"template":"","format":"standard","meta":{"footnotes":""},"categories":[1],"tags":[],"class_list":["post-1113","post","type-post","status-publish","format-standard","hentry","category-1"],"_links":{"self":[{"href":"https:\/\/radzima.eu\/et\/wp-json\/wp\/v2\/posts\/1113","targetHints":{"allow":["GET"]}}],"collection":[{"href":"https:\/\/radzima.eu\/et\/wp-json\/wp\/v2\/posts"}],"about":[{"href":"https:\/\/radzima.eu\/et\/wp-json\/wp\/v2\/types\/post"}],"author":[{"embeddable":true,"href":"https:\/\/radzima.eu\/et\/wp-json\/wp\/v2\/users\/1"}],"replies":[{"embeddable":true,"href":"https:\/\/radzima.eu\/et\/wp-json\/wp\/v2\/comments?post=1113"}],"version-history":[{"count":1,"href":"https:\/\/radzima.eu\/et\/wp-json\/wp\/v2\/posts\/1113\/revisions"}],"predecessor-version":[{"id":1114,"href":"https:\/\/radzima.eu\/et\/wp-json\/wp\/v2\/posts\/1113\/revisions\/1114"}],"wp:attachment":[{"href":"https:\/\/radzima.eu\/et\/wp-json\/wp\/v2\/media?parent=1113"}],"wp:term":[{"taxonomy":"category","embeddable":true,"href":"https:\/\/radzima.eu\/et\/wp-json\/wp\/v2\/categories?post=1113"},{"taxonomy":"post_tag","embeddable":true,"href":"https:\/\/radzima.eu\/et\/wp-json\/wp\/v2\/tags?post=1113"}],"curies":[{"name":"wp","href":"https:\/\/api.w.org\/{rel}","templated":true}]}}