{"id":1324,"date":"2021-03-07T22:50:30","date_gmt":"2021-03-07T20:50:30","guid":{"rendered":"https:\/\/radzima.eu\/?p=1324"},"modified":"2021-03-09T00:51:03","modified_gmt":"2021-03-08T22:51:03","slug":"valgevene-puhapaevakooli-busliki-opilased-tahistasid-kevade-saabumist-valgevene-traditsioonides","status":"publish","type":"post","link":"https:\/\/radzima.eu\/et\/valgevene-puhapaevakooli-busliki-opilased-tahistasid-kevade-saabumist-valgevene-traditsioonides\/","title":{"rendered":"Valgevene p\u00fchap\u00e4evakooli &#8220;Busliki&#8221; \u00f5pilased t\u00e4histasid kevade saabumist Valgevene\u00a0traditsioonides\u00a0"},"content":{"rendered":"<strong>Valgevene p\u00fchap\u00e4evakooli &#8220;Busliki&#8221; \u00f5pilased t\u00e4histasid kevade saabumist Valgevene\u00a0traditsioonides\u00a0<\/strong><\/p>\n<p><a href=\"https:\/\/radzima.eu\/wp-content\/uploads\/2021\/03\/\u044d\u0441\u0442\u043e\u043d\u0438\u044f-3-3.jpg\"><img loading=\"lazy\" decoding=\"async\" class=\"alignleft wp-image-1325\" src=\"https:\/\/radzima.eu\/wp-content\/uploads\/2021\/03\/\u044d\u0441\u0442\u043e\u043d\u0438\u044f-3-3-238x300.jpg\" alt=\"\" width=\"187\" height=\"236\" srcset=\"https:\/\/radzima.eu\/wp-content\/uploads\/2021\/03\/\u044d\u0441\u0442\u043e\u043d\u0438\u044f-3-3-238x300.jpg 238w, https:\/\/radzima.eu\/wp-content\/uploads\/2021\/03\/\u044d\u0441\u0442\u043e\u043d\u0438\u044f-3-3-768x969.jpg 768w, https:\/\/radzima.eu\/wp-content\/uploads\/2021\/03\/\u044d\u0441\u0442\u043e\u043d\u0438\u044f-3-3-812x1024.jpg 812w, https:\/\/radzima.eu\/wp-content\/uploads\/2021\/03\/\u044d\u0441\u0442\u043e\u043d\u0438\u044f-3-3.jpg 914w\" sizes=\"auto, (max-width: 187px) 100vw, 187px\" \/><\/a>T\u00e4na, 7. m\u00e4rtsil 2021,\u00a0 hakkasid Valgevene p\u00fchap\u00e4evakooli &#8220;Busliki&#8221; (Eesti) \u00f5pilased Valgevene traditsioonides kevade saabumist t\u00e4histama. Valgevene vanas traditsioonis on kevadele p\u00fchendatud ilus ja s\u00e4rav pidu &#8211; &#8220;Gukanne vjasn\u00f5&#8221;. Nime v\u00f5ib t\u00f5lkida kui kevade\u00a0 kutsumist. &#8220;Gukanne vjasn\u00f5&#8221; on p\u00fchade ts\u00fckkel, mis h\u00f5lmab selliseid p\u00fchi nagu &#8220;Maslenitsa&#8221;, &#8220;Vjalikdzen&#8221; (\u00fclest\u00f5usmisp\u00fchad) ja &#8220;Jurjevi p\u00e4ev&#8221; t\u00e4histamist.<\/p>\n<p>&nbsp;<\/p>\n<p><a href=\"https:\/\/radzima.eu\/wp-content\/uploads\/2021\/03\/20210307_215830.jpg\"><img loading=\"lazy\" decoding=\"async\" class=\"alignleft wp-image-1308\" src=\"https:\/\/radzima.eu\/wp-content\/uploads\/2021\/03\/20210307_215830-300x225.jpg\" alt=\"\" width=\"247\" height=\"185\" srcset=\"https:\/\/radzima.eu\/wp-content\/uploads\/2021\/03\/20210307_215830-300x225.jpg 300w, https:\/\/radzima.eu\/wp-content\/uploads\/2021\/03\/20210307_215830-768x576.jpg 768w, https:\/\/radzima.eu\/wp-content\/uploads\/2021\/03\/20210307_215830-1024x768.jpg 1024w, https:\/\/radzima.eu\/wp-content\/uploads\/2021\/03\/20210307_215830.jpg 1600w\" sizes=\"auto, (max-width: 247px) 100vw, 247px\" \/><\/a>\u00d5pilased\u00a0 kaunistasid ja v\u00e4rvisid\u00a0 linnud, et kevadise p\u00f6\u00f6rip\u00e4eva p\u00e4eval\u00a0 nad puu otsa riputada ja kevadet kutsuda.<\/p>\n<p>&nbsp;<\/p>\n<p>&nbsp;<\/p>\n<p>&nbsp;<\/p>\n<p><a href=\"https:\/\/radzima.eu\/wp-content\/uploads\/2021\/03\/IMG-61709cf724117902b64cc8c86cfae35b-V.jpg\"><img loading=\"lazy\" decoding=\"async\" class=\"alignleft wp-image-1309\" src=\"https:\/\/radzima.eu\/wp-content\/uploads\/2021\/03\/IMG-61709cf724117902b64cc8c86cfae35b-V-300x244.jpg\" alt=\"\" width=\"248\" height=\"202\" srcset=\"https:\/\/radzima.eu\/wp-content\/uploads\/2021\/03\/IMG-61709cf724117902b64cc8c86cfae35b-V-300x244.jpg 300w, https:\/\/radzima.eu\/wp-content\/uploads\/2021\/03\/IMG-61709cf724117902b64cc8c86cfae35b-V-768x625.jpg 768w, https:\/\/radzima.eu\/wp-content\/uploads\/2021\/03\/IMG-61709cf724117902b64cc8c86cfae35b-V-1024x833.jpg 1024w, https:\/\/radzima.eu\/wp-content\/uploads\/2021\/03\/IMG-61709cf724117902b64cc8c86cfae35b-V.jpg 1060w\" sizes=\"auto, (max-width: 248px) 100vw, 248px\" \/><\/a>Ja siis olid pannkoogid, algas &#8220;Maslenitsa&#8221;!","protected":false},"excerpt":{"rendered":"<p>Valgevene p\u00fchap\u00e4evakooli &#8220;Busliki&#8221; \u00f5pilased t\u00e4histasid kevade saabumist Valgevene\u00a0traditsioonides\u00a0 T\u00e4na, 7. m\u00e4rtsil 2021,\u00a0 hakkasid Valgevene p\u00fchap\u00e4evakooli &#8220;Busliki&#8221; (Eesti) \u00f5pilased Valgevene traditsioonides kevade saabumist t\u00e4histama. Valgevene vanas traditsioonis on kevadele p\u00fchendatud ilus ja s\u00e4rav<a class=\"moretag\" href=\"https:\/\/radzima.eu\/et\/valgevene-puhapaevakooli-busliki-opilased-tahistasid-kevade-saabumist-valgevene-traditsioonides\/\">Read More&#8230;<\/a><\/p>\n","protected":false},"author":1,"featured_media":0,"comment_status":"closed","ping_status":"closed","sticky":false,"template":"","format":"standard","meta":{"footnotes":""},"categories":[1],"tags":[],"class_list":["post-1324","post","type-post","status-publish","format-standard","hentry","category-1"],"_links":{"self":[{"href":"https:\/\/radzima.eu\/et\/wp-json\/wp\/v2\/posts\/1324","targetHints":{"allow":["GET"]}}],"collection":[{"href":"https:\/\/radzima.eu\/et\/wp-json\/wp\/v2\/posts"}],"about":[{"href":"https:\/\/radzima.eu\/et\/wp-json\/wp\/v2\/types\/post"}],"author":[{"embeddable":true,"href":"https:\/\/radzima.eu\/et\/wp-json\/wp\/v2\/users\/1"}],"replies":[{"embeddable":true,"href":"https:\/\/radzima.eu\/et\/wp-json\/wp\/v2\/comments?post=1324"}],"version-history":[{"count":1,"href":"https:\/\/radzima.eu\/et\/wp-json\/wp\/v2\/posts\/1324\/revisions"}],"predecessor-version":[{"id":1326,"href":"https:\/\/radzima.eu\/et\/wp-json\/wp\/v2\/posts\/1324\/revisions\/1326"}],"wp:attachment":[{"href":"https:\/\/radzima.eu\/et\/wp-json\/wp\/v2\/media?parent=1324"}],"wp:term":[{"taxonomy":"category","embeddable":true,"href":"https:\/\/radzima.eu\/et\/wp-json\/wp\/v2\/categories?post=1324"},{"taxonomy":"post_tag","embeddable":true,"href":"https:\/\/radzima.eu\/et\/wp-json\/wp\/v2\/tags?post=1324"}],"curies":[{"name":"wp","href":"https:\/\/api.w.org\/{rel}","templated":true}]}}