{"id":1749,"date":"2021-10-25T00:26:01","date_gmt":"2021-10-24T21:26:01","guid":{"rendered":"https:\/\/radzima.eu\/?p=1749"},"modified":"2021-10-27T00:26:41","modified_gmt":"2021-10-26T21:26:41","slug":"vene-kultuurikeskuses-toimub-xiv-kunstisalong-teater-ainult-teater","status":"publish","type":"post","link":"https:\/\/radzima.eu\/et\/vene-kultuurikeskuses-toimub-xiv-kunstisalong-teater-ainult-teater\/","title":{"rendered":"Vene Kultuurikeskuses toimub XIV Kunstisalong &#8220;Teater&#8230;ainult teater&#8230;&#8221;"},"content":{"rendered":"<strong>Vene Kultuurikeskuses toimub XIV Kunstisalong &#8220;Teater&#8230;ainult teater&#8230;&#8221;<\/strong><\/p>\n<p><a href=\"https:\/\/radzima.eu\/wp-content\/uploads\/2021\/10\/XIV-\u0421\u0430\u043b\u043e\u043d-\u0438\u0441\u043a\u0443\u0441\u0441\u0442\u0432.jpg\"><img loading=\"lazy\" decoding=\"async\" class=\"alignleft size-medium wp-image-1745\" src=\"https:\/\/radzima.eu\/wp-content\/uploads\/2021\/10\/XIV-\u0421\u0430\u043b\u043e\u043d-\u0438\u0441\u043a\u0443\u0441\u0441\u0442\u0432-211x300.jpg\" alt=\"\" width=\"211\" height=\"300\" srcset=\"https:\/\/radzima.eu\/wp-content\/uploads\/2021\/10\/XIV-\u0421\u0430\u043b\u043e\u043d-\u0438\u0441\u043a\u0443\u0441\u0441\u0442\u0432-211x300.jpg 211w, https:\/\/radzima.eu\/wp-content\/uploads\/2021\/10\/XIV-\u0421\u0430\u043b\u043e\u043d-\u0438\u0441\u043a\u0443\u0441\u0441\u0442\u0432-768x1094.jpg 768w, https:\/\/radzima.eu\/wp-content\/uploads\/2021\/10\/XIV-\u0421\u0430\u043b\u043e\u043d-\u0438\u0441\u043a\u0443\u0441\u0441\u0442\u0432-719x1024.jpg 719w\" sizes=\"auto, (max-width: 211px) 100vw, 211px\" \/><\/a>Kallid s\u00f5brad!<br \/>\nKutsume teid laup\u00e4eval, 30. oktoobril 2021 kell 16.00 loomingulisele kohtumisele Vene teatri n\u00e4itlejanna Tatjana Manevskajaga, mis toimub Vene Kultuurikeskuses v\u00e4ikeses saalis\u00a0 XIV Kunstisalongi raames.<\/p>\n<p><span class=\"w8qArf\"><a class=\"fl\" href=\"https:\/\/www.google.com\/search?q=vene+kultuurikeskus+aadress&amp;ludocid=10319842337541256993&amp;sa=X&amp;ved=2ahUKEwjkyfDggOnzAhVykosKHVTBD8AQ6BN6BAg4EAI\" data-ved=\"2ahUKEwjkyfDggOnzAhVykosKHVTBD8AQ6BN6BAg4EAI\">Aadress<\/a>:\u00a0<\/span><span class=\"LrzXr\">Mere pst 5, Tallinn<\/span><\/p>\n<p>Korraldaja &#8211; Tallinna Esteetilise Kasvatuse Keskus (TZEV &#8211; www.tzev.estetika.ee) &#8230;<br \/>\nJuht &#8211; Kultuuri ajaloo magister Tatjana T\u0161ervova.","protected":false},"excerpt":{"rendered":"<p>Vene Kultuurikeskuses toimub XIV Kunstisalong &#8220;Teater&#8230;ainult teater&#8230;&#8221; Kallid s\u00f5brad! Kutsume teid laup\u00e4eval, 30. oktoobril 2021 kell 16.00 loomingulisele kohtumisele Vene teatri n\u00e4itlejanna Tatjana Manevskajaga, mis toimub Vene Kultuurikeskuses v\u00e4ikeses saalis\u00a0 XIV Kunstisalongi<a class=\"moretag\" href=\"https:\/\/radzima.eu\/et\/vene-kultuurikeskuses-toimub-xiv-kunstisalong-teater-ainult-teater\/\">Read More&#8230;<\/a><\/p>\n","protected":false},"author":1,"featured_media":0,"comment_status":"closed","ping_status":"closed","sticky":false,"template":"","format":"standard","meta":{"footnotes":""},"categories":[1],"tags":[],"class_list":["post-1749","post","type-post","status-publish","format-standard","hentry","category-1"],"_links":{"self":[{"href":"https:\/\/radzima.eu\/et\/wp-json\/wp\/v2\/posts\/1749","targetHints":{"allow":["GET"]}}],"collection":[{"href":"https:\/\/radzima.eu\/et\/wp-json\/wp\/v2\/posts"}],"about":[{"href":"https:\/\/radzima.eu\/et\/wp-json\/wp\/v2\/types\/post"}],"author":[{"embeddable":true,"href":"https:\/\/radzima.eu\/et\/wp-json\/wp\/v2\/users\/1"}],"replies":[{"embeddable":true,"href":"https:\/\/radzima.eu\/et\/wp-json\/wp\/v2\/comments?post=1749"}],"version-history":[{"count":1,"href":"https:\/\/radzima.eu\/et\/wp-json\/wp\/v2\/posts\/1749\/revisions"}],"predecessor-version":[{"id":1750,"href":"https:\/\/radzima.eu\/et\/wp-json\/wp\/v2\/posts\/1749\/revisions\/1750"}],"wp:attachment":[{"href":"https:\/\/radzima.eu\/et\/wp-json\/wp\/v2\/media?parent=1749"}],"wp:term":[{"taxonomy":"category","embeddable":true,"href":"https:\/\/radzima.eu\/et\/wp-json\/wp\/v2\/categories?post=1749"},{"taxonomy":"post_tag","embeddable":true,"href":"https:\/\/radzima.eu\/et\/wp-json\/wp\/v2\/tags?post=1749"}],"curies":[{"name":"wp","href":"https:\/\/api.w.org\/{rel}","templated":true}]}}