{"id":1758,"date":"2021-10-27T23:25:33","date_gmt":"2021-10-27T20:25:33","guid":{"rendered":"https:\/\/radzima.eu\/?p=1758"},"modified":"2021-10-27T23:25:33","modified_gmt":"2021-10-27T20:25:33","slug":"valgevene-puhapaevakool-busliki-tahistab-oma-5-aastapaeva","status":"publish","type":"post","link":"https:\/\/radzima.eu\/et\/valgevene-puhapaevakool-busliki-tahistab-oma-5-aastapaeva\/","title":{"rendered":"Valgevene p\u00fchap\u00e4evakool &#8220;Busliki&#8221; t\u00e4histab oma 5. aastap\u00e4eva"},"content":{"rendered":"<strong>Valgevene p\u00fchap\u00e4evakool &#8220;Busliki&#8221;\u00a0\u00a0t\u00e4histab oma 5. aastap\u00e4eva<\/strong><\/p>\n<p><a href=\"https:\/\/radzima.eu\/wp-content\/uploads\/2020\/01\/\u0444\u043e\u0442\u043e.jpg\"><img loading=\"lazy\" decoding=\"async\" class=\"alignleft  wp-image-284\" src=\"https:\/\/radzima.eu\/wp-content\/uploads\/2020\/01\/\u0444\u043e\u0442\u043e-300x225.jpg\" alt=\"\" width=\"200\" height=\"150\" srcset=\"https:\/\/radzima.eu\/wp-content\/uploads\/2020\/01\/\u0444\u043e\u0442\u043e-300x225.jpg 300w, https:\/\/radzima.eu\/wp-content\/uploads\/2020\/01\/\u0444\u043e\u0442\u043e-768x576.jpg 768w, https:\/\/radzima.eu\/wp-content\/uploads\/2020\/01\/\u0444\u043e\u0442\u043e.jpg 800w\" sizes=\"auto, (max-width: 200px) 100vw, 200px\" \/><\/a><\/p>\n<p>&nbsp;<\/p>\n<p>24. oktoobril 2021 t\u00e4histas Tallinnas V\u00e4hemusrahvuste Keskuse &#8220;Radzima&#8221; juures tegutsev Valgevene p\u00fchap\u00e4evakool &#8220;Busliki&#8221; oma viiendat aastap\u00e4eva.<\/p>\n<p><a href=\"https:\/\/radzima.eu\/wp-content\/uploads\/2021\/10\/8-\u0416\u044e\u0440\u0438-\u043a\u043e\u043d\u043a\u0443\u0440\u0441\u0430-\u0412\u0430\u0441\u0438\u043b\u0451\u043a-27.10.2021.jpg\"><img loading=\"lazy\" decoding=\"async\" class=\"alignleft size-medium wp-image-1755\" src=\"https:\/\/radzima.eu\/wp-content\/uploads\/2021\/10\/8-\u0416\u044e\u0440\u0438-\u043a\u043e\u043d\u043a\u0443\u0440\u0441\u0430-\u0412\u0430\u0441\u0438\u043b\u0451\u043a-27.10.2021-300x135.jpg\" alt=\"\" width=\"300\" height=\"135\" srcset=\"https:\/\/radzima.eu\/wp-content\/uploads\/2021\/10\/8-\u0416\u044e\u0440\u0438-\u043a\u043e\u043d\u043a\u0443\u0440\u0441\u0430-\u0412\u0430\u0441\u0438\u043b\u0451\u043a-27.10.2021-300x135.jpg 300w, https:\/\/radzima.eu\/wp-content\/uploads\/2021\/10\/8-\u0416\u044e\u0440\u0438-\u043a\u043e\u043d\u043a\u0443\u0440\u0441\u0430-\u0412\u0430\u0441\u0438\u043b\u0451\u043a-27.10.2021-768x346.jpg 768w, https:\/\/radzima.eu\/wp-content\/uploads\/2021\/10\/8-\u0416\u044e\u0440\u0438-\u043a\u043e\u043d\u043a\u0443\u0440\u0441\u0430-\u0412\u0430\u0441\u0438\u043b\u0451\u043a-27.10.2021-1024x461.jpg 1024w, https:\/\/radzima.eu\/wp-content\/uploads\/2021\/10\/8-\u0416\u044e\u0440\u0438-\u043a\u043e\u043d\u043a\u0443\u0440\u0441\u0430-\u0412\u0430\u0441\u0438\u043b\u0451\u043a-27.10.2021-604x270.jpg 604w, https:\/\/radzima.eu\/wp-content\/uploads\/2021\/10\/8-\u0416\u044e\u0440\u0438-\u043a\u043e\u043d\u043a\u0443\u0440\u0441\u0430-\u0412\u0430\u0441\u0438\u043b\u0451\u043a-27.10.2021.jpg 1632w\" sizes=\"auto, (max-width: 300px) 100vw, 300px\" \/><\/a>T\u00e4na, 27. oktoobril Tallinnas &#8220;Radzima&#8221; kultuurikeskuses \u00f5nnitles Valgevene Vabariigi Eesti Suursaatkonna esimene sekret\u00e4r meid selle s\u00fcndmuse puhul ning andis \u00fcle Valgevene saatkonna poolt m\u00e4lestussuveniiri ja koolile m\u00f5eldud raamatud.","protected":false},"excerpt":{"rendered":"<p>Valgevene p\u00fchap\u00e4evakool &#8220;Busliki&#8221;\u00a0\u00a0t\u00e4histab oma 5. aastap\u00e4eva &nbsp; 24. oktoobril 2021 t\u00e4histas Tallinnas V\u00e4hemusrahvuste Keskuse &#8220;Radzima&#8221; juures tegutsev Valgevene p\u00fchap\u00e4evakool &#8220;Busliki&#8221; oma viiendat aastap\u00e4eva. T\u00e4na, 27. oktoobril Tallinnas &#8220;Radzima&#8221; kultuurikeskuses \u00f5nnitles Valgevene Vabariigi<a class=\"moretag\" href=\"https:\/\/radzima.eu\/et\/valgevene-puhapaevakool-busliki-tahistab-oma-5-aastapaeva\/\">Read More&#8230;<\/a><\/p>\n","protected":false},"author":1,"featured_media":0,"comment_status":"closed","ping_status":"closed","sticky":false,"template":"","format":"standard","meta":{"footnotes":""},"categories":[1],"tags":[],"class_list":["post-1758","post","type-post","status-publish","format-standard","hentry","category-1"],"_links":{"self":[{"href":"https:\/\/radzima.eu\/et\/wp-json\/wp\/v2\/posts\/1758","targetHints":{"allow":["GET"]}}],"collection":[{"href":"https:\/\/radzima.eu\/et\/wp-json\/wp\/v2\/posts"}],"about":[{"href":"https:\/\/radzima.eu\/et\/wp-json\/wp\/v2\/types\/post"}],"author":[{"embeddable":true,"href":"https:\/\/radzima.eu\/et\/wp-json\/wp\/v2\/users\/1"}],"replies":[{"embeddable":true,"href":"https:\/\/radzima.eu\/et\/wp-json\/wp\/v2\/comments?post=1758"}],"version-history":[{"count":1,"href":"https:\/\/radzima.eu\/et\/wp-json\/wp\/v2\/posts\/1758\/revisions"}],"predecessor-version":[{"id":1759,"href":"https:\/\/radzima.eu\/et\/wp-json\/wp\/v2\/posts\/1758\/revisions\/1759"}],"wp:attachment":[{"href":"https:\/\/radzima.eu\/et\/wp-json\/wp\/v2\/media?parent=1758"}],"wp:term":[{"taxonomy":"category","embeddable":true,"href":"https:\/\/radzima.eu\/et\/wp-json\/wp\/v2\/categories?post=1758"},{"taxonomy":"post_tag","embeddable":true,"href":"https:\/\/radzima.eu\/et\/wp-json\/wp\/v2\/tags?post=1758"}],"curies":[{"name":"wp","href":"https:\/\/api.w.org\/{rel}","templated":true}]}}