{"id":1923,"date":"2022-01-10T23:54:53","date_gmt":"2022-01-10T21:54:53","guid":{"rendered":"https:\/\/radzima.eu\/?p=1923"},"modified":"2022-01-16T00:02:15","modified_gmt":"2022-01-15T22:02:15","slug":"vahemusrahvuste-keskus-radzima-kutsub-uritusele-vana-uus-aasta","status":"publish","type":"post","link":"https:\/\/radzima.eu\/et\/vahemusrahvuste-keskus-radzima-kutsub-uritusele-vana-uus-aasta\/","title":{"rendered":"V\u00e4hemusrahvuste Keskus &#8220;Radzima&#8221; kutsub \u00fcritusele &#8220;Vana uus aasta&#8221;"},"content":{"rendered":"<strong>V\u00e4hemusrahvuste Keskus &#8220;Radzima&#8221; kutsub \u00fcritusele &#8220;Vana uus aasta&#8221;<\/strong><\/p>\n<p><a href=\"https:\/\/radzima.eu\/wp-content\/uploads\/2022\/01\/12.01.22-20_32-Microsoft-Lens-1.jpeg\"><img loading=\"lazy\" decoding=\"async\" class=\"alignleft size-medium wp-image-1913\" src=\"https:\/\/radzima.eu\/wp-content\/uploads\/2022\/01\/12.01.22-20_32-Microsoft-Lens-1-205x300.jpeg\" alt=\"\" width=\"205\" height=\"300\" srcset=\"https:\/\/radzima.eu\/wp-content\/uploads\/2022\/01\/12.01.22-20_32-Microsoft-Lens-1-205x300.jpeg 205w, https:\/\/radzima.eu\/wp-content\/uploads\/2022\/01\/12.01.22-20_32-Microsoft-Lens-1-768x1126.jpeg 768w, https:\/\/radzima.eu\/wp-content\/uploads\/2022\/01\/12.01.22-20_32-Microsoft-Lens-1-698x1024.jpeg 698w, https:\/\/radzima.eu\/wp-content\/uploads\/2022\/01\/12.01.22-20_32-Microsoft-Lens-1.jpeg 1755w\" sizes=\"auto, (max-width: 205px) 100vw, 205px\" \/><\/a>Meie kallid s\u00f5brad! Ootame teiega kohtumist meie \u00fcritusel &#8221; Vana uus aasta&#8221; .<br \/>\nT\u00e4histame koos Vana uus aastavahetust N\u00f5mme Kultuurikeskuses, Tallinnas, 15.01.2022 algusega kell 18.00<br \/>\nOotame kohtumist k\u00f5igi &#8220;Radzima&#8221; katusorganisatsiooni kuuluvate seltside esindajatega.<br \/>\nTeie ees esineb V\u00e4hemusrahvuste\u00a0 Keskuse Radzima uus selts &#8211; teater &#8220;Vepsade hing&#8221;<br \/>\nTurgi Kooli Seltsi esindab kitarrist, autor ja esineja Andrei Krapivnitski.<br \/>\n\u00d5htujuht Nina Peerna &#8211; Valgevene \u00d5ppe &#8211; ja Arengukeskuse EVA -Studiorum esimees.","protected":false},"excerpt":{"rendered":"<p>V\u00e4hemusrahvuste Keskus &#8220;Radzima&#8221; kutsub \u00fcritusele &#8220;Vana uus aasta&#8221; Meie kallid s\u00f5brad! Ootame teiega kohtumist meie \u00fcritusel &#8221; Vana uus aasta&#8221; . T\u00e4histame koos Vana uus aastavahetust N\u00f5mme Kultuurikeskuses, Tallinnas, 15.01.2022 algusega kell<a class=\"moretag\" href=\"https:\/\/radzima.eu\/et\/vahemusrahvuste-keskus-radzima-kutsub-uritusele-vana-uus-aasta\/\">Read More&#8230;<\/a><\/p>\n","protected":false},"author":1,"featured_media":0,"comment_status":"closed","ping_status":"closed","sticky":false,"template":"","format":"standard","meta":{"footnotes":""},"categories":[1],"tags":[],"class_list":["post-1923","post","type-post","status-publish","format-standard","hentry","category-1"],"_links":{"self":[{"href":"https:\/\/radzima.eu\/et\/wp-json\/wp\/v2\/posts\/1923","targetHints":{"allow":["GET"]}}],"collection":[{"href":"https:\/\/radzima.eu\/et\/wp-json\/wp\/v2\/posts"}],"about":[{"href":"https:\/\/radzima.eu\/et\/wp-json\/wp\/v2\/types\/post"}],"author":[{"embeddable":true,"href":"https:\/\/radzima.eu\/et\/wp-json\/wp\/v2\/users\/1"}],"replies":[{"embeddable":true,"href":"https:\/\/radzima.eu\/et\/wp-json\/wp\/v2\/comments?post=1923"}],"version-history":[{"count":1,"href":"https:\/\/radzima.eu\/et\/wp-json\/wp\/v2\/posts\/1923\/revisions"}],"predecessor-version":[{"id":1924,"href":"https:\/\/radzima.eu\/et\/wp-json\/wp\/v2\/posts\/1923\/revisions\/1924"}],"wp:attachment":[{"href":"https:\/\/radzima.eu\/et\/wp-json\/wp\/v2\/media?parent=1923"}],"wp:term":[{"taxonomy":"category","embeddable":true,"href":"https:\/\/radzima.eu\/et\/wp-json\/wp\/v2\/categories?post=1923"},{"taxonomy":"post_tag","embeddable":true,"href":"https:\/\/radzima.eu\/et\/wp-json\/wp\/v2\/tags?post=1923"}],"curies":[{"name":"wp","href":"https:\/\/api.w.org\/{rel}","templated":true}]}}