{"id":2051,"date":"2022-03-12T23:24:28","date_gmt":"2022-03-12T21:24:28","guid":{"rendered":"https:\/\/radzima.eu\/?p=2051"},"modified":"2022-03-13T01:24:58","modified_gmt":"2022-03-12T23:24:58","slug":"erakorraline-veebiseminar-kuidas-raakida-lastele-kriisiajal-toimuvast-ja-hoida-uhiskonnas-uhtsust","status":"publish","type":"post","link":"https:\/\/radzima.eu\/et\/erakorraline-veebiseminar-kuidas-raakida-lastele-kriisiajal-toimuvast-ja-hoida-uhiskonnas-uhtsust\/","title":{"rendered":"Erakorraline veebiseminar &#8220;&#8221;Kuidas r\u00e4\u00e4kida lastele kriisiajal toimuvast ja hoida \u00fchiskonnas \u00fchtsust?&#8221;"},"content":{"rendered":"<strong>Erakorraline veebiseminar &#8220;&#8221;Kuidas r\u00e4\u00e4kida lastele kriisiajal toimuvast ja hoida \u00fchiskonnas \u00fchtsust?&#8221;<\/strong><\/p>\n<p><a href=\"https:\/\/radzima.eu\/wp-content\/uploads\/2022\/03\/27e4a618-254e-4c60-adf8-fac66fa80aba.png\"><img loading=\"lazy\" decoding=\"async\" class=\"alignleft size-medium wp-image-2052\" src=\"https:\/\/radzima.eu\/wp-content\/uploads\/2022\/03\/27e4a618-254e-4c60-adf8-fac66fa80aba-300x169.png\" alt=\"\" width=\"300\" height=\"169\" srcset=\"https:\/\/radzima.eu\/wp-content\/uploads\/2022\/03\/27e4a618-254e-4c60-adf8-fac66fa80aba-300x169.png 300w, https:\/\/radzima.eu\/wp-content\/uploads\/2022\/03\/27e4a618-254e-4c60-adf8-fac66fa80aba-768x432.png 768w, https:\/\/radzima.eu\/wp-content\/uploads\/2022\/03\/27e4a618-254e-4c60-adf8-fac66fa80aba-1024x576.png 1024w, https:\/\/radzima.eu\/wp-content\/uploads\/2022\/03\/27e4a618-254e-4c60-adf8-fac66fa80aba.png 1920w\" sizes=\"auto, (max-width: 300px) 100vw, 300px\" \/><\/a>T\u00e4na,\u00a0 12.03.2022 kell 10.00-12.00,\u00a0 toimus erakorraline veebiseminar lapsevanematele ja \u00f5petajatele teemal &#8220;Kuidas r\u00e4\u00e4kida lastele kriisiajal toimuvast ja hoida \u00fchiskonnas \u00fchtsust?&#8221; Seminaril osalesid meie pedagoogid <em><strong>Niina Peerna<\/strong><\/em> (\u00d5ppe -ja Arengukeskus EVA-Studiorum) ja <em><strong>G\u00fclnara Vals<\/strong><\/em> (T\u00fcrgi kool).<\/p>\n<p class=\"v1bard-text-block\" style=\"text-align: center; background: white; font-variant-ligatures: normal; font-variant-caps: normal; orphans: 2; widows: 2; -webkit-text-stroke-width: 0px; text-decoration-thickness: initial; text-decoration-style: initial; text-decoration-color: initial; word-spacing: 0px; margin: 9.75pt 0cm 9.75pt 0cm;\" align=\"center\"><b><span style=\"color: #343434;\"><a href=\"https:\/\/radzima.eu\/wp-content\/uploads\/2022\/03\/20220312_104237.jpg\"><img loading=\"lazy\" decoding=\"async\" class=\"alignleft wp-image-2053\" src=\"https:\/\/radzima.eu\/wp-content\/uploads\/2022\/03\/20220312_104237-300x169.jpg\" alt=\"\" width=\"289\" height=\"163\" srcset=\"https:\/\/radzima.eu\/wp-content\/uploads\/2022\/03\/20220312_104237-300x169.jpg 300w, https:\/\/radzima.eu\/wp-content\/uploads\/2022\/03\/20220312_104237-768x432.jpg 768w, https:\/\/radzima.eu\/wp-content\/uploads\/2022\/03\/20220312_104237-1024x576.jpg 1024w\" sizes=\"auto, (max-width: 289px) 100vw, 289px\" \/><\/a><a href=\"https:\/\/radzima.eu\/wp-content\/uploads\/2022\/03\/20220312_111638.jpg\"><img loading=\"lazy\" decoding=\"async\" class=\"alignleft wp-image-2054\" src=\"https:\/\/radzima.eu\/wp-content\/uploads\/2022\/03\/20220312_111638-300x169.jpg\" alt=\"\" width=\"293\" height=\"165\" srcset=\"https:\/\/radzima.eu\/wp-content\/uploads\/2022\/03\/20220312_111638-300x169.jpg 300w, https:\/\/radzima.eu\/wp-content\/uploads\/2022\/03\/20220312_111638-768x432.jpg 768w, https:\/\/radzima.eu\/wp-content\/uploads\/2022\/03\/20220312_111638-1024x576.jpg 1024w\" sizes=\"auto, (max-width: 293px) 100vw, 293px\" \/><\/a><\/span><\/b><b><span style=\"color: #343434;\">MEIE K<\/span><\/b><b><span style=\"color: #343434;\">\u00d5GE KALLIM VARA ON MEIE LAPSED JA K\u00d5IGE SUUREM ROLL T\u00c4ISKASVANUTENA ON HOIDA LASTE TURVATUNNET.<\/span><\/b><\/p>\n<p>&nbsp;<\/p>\n<p class=\"v1bard-text-block v1style-scope\"><span style=\"color: #343434;\">Seoses Ukraina s\u00f5jaga on terves \u00fchiskonnas hetkel v\u00e4ga v\u00e4ljakutsuv ja muutlik aeg. See m\u00f5jutab otseselt meie k\u00f5igi vaimset tervis ja tulevikku. Inimestel on seoses olukorraga v\u00e4ga palju hirme, teadmatust ja \u00e4revust. \u00c4rge arvake, et lapsed seda ei taju.<\/span><\/p>\n<p>&nbsp;<\/p>\n<p class=\"v1bard-text-block v1style-scope\"><b class=\"v1bard-text-block v1style-scope\">Seminari osalejad said teada:<\/b><\/p>\n<ul class=\"v1bard-text-block v1style-scope\">\n<li>Kuidas hoida kriisiolukorras enda vaimset tervist?<\/li>\n<li>Kuidas ennetada s\u00f5jahirmus tekkivat traumat?<\/li>\n<li>Kuidas tegeleda s\u00f5jahirmust tekkinud mure v\u00f5i kriisiga?<\/li>\n<li>Mida teha, kui \u00e4revust ja hirmu tekitavad s\u00fcndmused kipuvad taas meelde tulema?<\/li>\n<li>Kuidas emotsioonidega toime tulla ja neid juhtida?<\/li>\n<li>Kuidas hinnaguvabalt ja hukkam\u00f5istuta teise inimesega keerulistel teemadel r\u00e4\u00e4kida?<\/li>\n<li>Kuidas r\u00e4\u00e4kida lastele s\u00f5jast ja tagada neile turvatunne?<\/li>\n<li>Kuidas selgitada riikide tegusid, kuid mitte siduda neid otseselt rahvusega?<\/li>\n<li>Kuidas hoida hariduss\u00fcsteemis rahvana \u00fchtust, ilma et tekiks koolikiusamist, vaimset- v\u00f5i f\u00fc\u00fcsilist v\u00e4givalda?<\/li>\n<li>Milliseid soovitusi annab koolips\u00fchholoog, et toetada lapsi ja \u00f5petajaid koolis Ukraina kriisi valguses?<\/li>\n<li>Kuidas luua \u00fchtne ja kokkuhoidev hariduskeskkond\/\u00fchiskond, nii et Eestis elavad inimesed tunneksid ennast turvaliselt ning hoitult?<\/li>\n<li><b class=\"v1bard-text-block v1style-scope\">Veebiseminari otse\u00fclekande link siin: https:\/\/www.youtube.com\/watch?v=i1MsqCwDNfI<\/b><\/li>\n<\/ul>","protected":false},"excerpt":{"rendered":"<p>Erakorraline veebiseminar &#8220;&#8221;Kuidas r\u00e4\u00e4kida lastele kriisiajal toimuvast ja hoida \u00fchiskonnas \u00fchtsust?&#8221; T\u00e4na,\u00a0 12.03.2022 kell 10.00-12.00,\u00a0 toimus erakorraline veebiseminar lapsevanematele ja \u00f5petajatele teemal &#8220;Kuidas r\u00e4\u00e4kida lastele kriisiajal toimuvast ja hoida \u00fchiskonnas \u00fchtsust?&#8221; Seminaril<a class=\"moretag\" href=\"https:\/\/radzima.eu\/et\/erakorraline-veebiseminar-kuidas-raakida-lastele-kriisiajal-toimuvast-ja-hoida-uhiskonnas-uhtsust\/\">Read More&#8230;<\/a><\/p>\n","protected":false},"author":1,"featured_media":0,"comment_status":"closed","ping_status":"closed","sticky":false,"template":"","format":"standard","meta":{"footnotes":""},"categories":[1],"tags":[],"class_list":["post-2051","post","type-post","status-publish","format-standard","hentry","category-1"],"_links":{"self":[{"href":"https:\/\/radzima.eu\/et\/wp-json\/wp\/v2\/posts\/2051","targetHints":{"allow":["GET"]}}],"collection":[{"href":"https:\/\/radzima.eu\/et\/wp-json\/wp\/v2\/posts"}],"about":[{"href":"https:\/\/radzima.eu\/et\/wp-json\/wp\/v2\/types\/post"}],"author":[{"embeddable":true,"href":"https:\/\/radzima.eu\/et\/wp-json\/wp\/v2\/users\/1"}],"replies":[{"embeddable":true,"href":"https:\/\/radzima.eu\/et\/wp-json\/wp\/v2\/comments?post=2051"}],"version-history":[{"count":5,"href":"https:\/\/radzima.eu\/et\/wp-json\/wp\/v2\/posts\/2051\/revisions"}],"predecessor-version":[{"id":2068,"href":"https:\/\/radzima.eu\/et\/wp-json\/wp\/v2\/posts\/2051\/revisions\/2068"}],"wp:attachment":[{"href":"https:\/\/radzima.eu\/et\/wp-json\/wp\/v2\/media?parent=2051"}],"wp:term":[{"taxonomy":"category","embeddable":true,"href":"https:\/\/radzima.eu\/et\/wp-json\/wp\/v2\/categories?post=2051"},{"taxonomy":"post_tag","embeddable":true,"href":"https:\/\/radzima.eu\/et\/wp-json\/wp\/v2\/tags?post=2051"}],"curies":[{"name":"wp","href":"https:\/\/api.w.org\/{rel}","templated":true}]}}