{"id":2069,"date":"2022-03-07T01:43:08","date_gmt":"2022-03-06T23:43:08","guid":{"rendered":"https:\/\/radzima.eu\/?p=2069"},"modified":"2022-03-13T01:45:18","modified_gmt":"2022-03-12T23:45:18","slug":"saadame-koos-vasalemmas-rahvuste-seltsiga-talve-ara","status":"publish","type":"post","link":"https:\/\/radzima.eu\/et\/saadame-koos-vasalemmas-rahvuste-seltsiga-talve-ara\/","title":{"rendered":"Saadame koos Vasalemma Rahvuste Seltsiga talve \u00e4ra!"},"content":{"rendered":"<strong>Saadame koos Vasalemma Rahvuste Seltsiga talve \u00e4ra!<\/strong><\/p>\n<p>V\u00e4hemusrahvuste Keskust &#8220;Radzima&#8221; ja Vasalemma Rahvuste Seltsi seob pikaajaline s\u00f5prus. Ka sel, 2022. aastal saime kutse osaleda 12. m\u00e4rtsil \u00fcritusel \u201cTalve saatmine\u201d ja veeta koos aega \u00c4mari k\u00fclas \u00a0(L\u00e4\u00e4ne-Harju vald)<\/p>\n<p><a href=\"https:\/\/radzima.eu\/wp-content\/uploads\/2022\/03\/275298756_695529994817681_5876504264269059890_n.jpg\"><img loading=\"lazy\" decoding=\"async\" class=\"alignleft size-medium wp-image-2070\" src=\"https:\/\/radzima.eu\/wp-content\/uploads\/2022\/03\/275298756_695529994817681_5876504264269059890_n-300x252.jpg\" alt=\"\" width=\"300\" height=\"252\" srcset=\"https:\/\/radzima.eu\/wp-content\/uploads\/2022\/03\/275298756_695529994817681_5876504264269059890_n-300x252.jpg 300w, https:\/\/radzima.eu\/wp-content\/uploads\/2022\/03\/275298756_695529994817681_5876504264269059890_n.jpg 600w\" sizes=\"auto, (max-width: 300px) 100vw, 300px\" \/><\/a>Kallid s\u00f5brad!<\/p>\n<p>Meil on hea meel, et Talve saatmise \u00fcritusel osaleb V\u00e4hemusrahvuste Keskuse \u201eRadzima\u201c\u00a0 liige \u2013 teater \u201e Vepside hing\u201c oma etendus-muinasjutuga &#8220;Onni iroonia \u2026&#8221;","protected":false},"excerpt":{"rendered":"<p>Saadame koos Vasalemma Rahvuste Seltsiga talve \u00e4ra! V\u00e4hemusrahvuste Keskust &#8220;Radzima&#8221; ja Vasalemma Rahvuste Seltsi seob pikaajaline s\u00f5prus. Ka sel, 2022. aastal saime kutse osaleda 12. m\u00e4rtsil \u00fcritusel \u201cTalve saatmine\u201d ja veeta koos<a class=\"moretag\" href=\"https:\/\/radzima.eu\/et\/saadame-koos-vasalemmas-rahvuste-seltsiga-talve-ara\/\">Read More&#8230;<\/a><\/p>\n","protected":false},"author":1,"featured_media":0,"comment_status":"closed","ping_status":"closed","sticky":false,"template":"","format":"standard","meta":{"footnotes":""},"categories":[1],"tags":[],"class_list":["post-2069","post","type-post","status-publish","format-standard","hentry","category-1"],"_links":{"self":[{"href":"https:\/\/radzima.eu\/et\/wp-json\/wp\/v2\/posts\/2069","targetHints":{"allow":["GET"]}}],"collection":[{"href":"https:\/\/radzima.eu\/et\/wp-json\/wp\/v2\/posts"}],"about":[{"href":"https:\/\/radzima.eu\/et\/wp-json\/wp\/v2\/types\/post"}],"author":[{"embeddable":true,"href":"https:\/\/radzima.eu\/et\/wp-json\/wp\/v2\/users\/1"}],"replies":[{"embeddable":true,"href":"https:\/\/radzima.eu\/et\/wp-json\/wp\/v2\/comments?post=2069"}],"version-history":[{"count":2,"href":"https:\/\/radzima.eu\/et\/wp-json\/wp\/v2\/posts\/2069\/revisions"}],"predecessor-version":[{"id":2073,"href":"https:\/\/radzima.eu\/et\/wp-json\/wp\/v2\/posts\/2069\/revisions\/2073"}],"wp:attachment":[{"href":"https:\/\/radzima.eu\/et\/wp-json\/wp\/v2\/media?parent=2069"}],"wp:term":[{"taxonomy":"category","embeddable":true,"href":"https:\/\/radzima.eu\/et\/wp-json\/wp\/v2\/categories?post=2069"},{"taxonomy":"post_tag","embeddable":true,"href":"https:\/\/radzima.eu\/et\/wp-json\/wp\/v2\/tags?post=2069"}],"curies":[{"name":"wp","href":"https:\/\/api.w.org\/{rel}","templated":true}]}}