{"id":2220,"date":"2022-06-13T09:22:31","date_gmt":"2022-06-13T06:22:31","guid":{"rendered":"https:\/\/radzima.eu\/?p=2220"},"modified":"2022-06-15T01:22:55","modified_gmt":"2022-06-14T22:22:55","slug":"vahemusrahvuste-keskus-radzima-onnitleb-kooliaasta-lopu-puhul","status":"publish","type":"post","link":"https:\/\/radzima.eu\/et\/vahemusrahvuste-keskus-radzima-onnitleb-kooliaasta-lopu-puhul\/","title":{"rendered":"V\u00e4hemusrahvuste keskus &#8220;Radzima&#8221;  \u00f5nnitleb kooliaasta l\u00f5pu puhul"},"content":{"rendered":"<div dir=\"auto\"><strong>V\u00e4hemusrahvuste keskus &#8220;Radzima&#8221; \u00f5nnitleb kooliaasta l\u00f5pu puhul<\/strong><\/div>\n<div dir=\"auto\"><\/div>\n<div dir=\"auto\"><a href=\"https:\/\/radzima.eu\/wp-content\/uploads\/2022\/06\/download-3.jpg\"><img loading=\"lazy\" decoding=\"async\" class=\"alignleft wp-image-2221\" src=\"https:\/\/radzima.eu\/wp-content\/uploads\/2022\/06\/download-3.jpg\" alt=\"\" width=\"219\" height=\"188\" \/><\/a><\/div>\n<div dir=\"auto\"><\/div>\n<div dir=\"auto\"><em><strong>Hurraa! Suvine koolivaheaeg!<\/strong><\/em><\/div>\n<div dir=\"auto\"><em><strong>T\u00e4na,13.06,\u00a0 viimane koolip\u00e4ev Eestis. Ja homme algab kauaoodatud suvine koolivaheaeg.<\/strong><\/em><\/div>\n<div dir=\"auto\"><\/div>\n<div dir=\"auto\"><\/div>\n<div dir=\"auto\"><\/div>\n<div dir=\"auto\"><\/div>\n<div dir=\"auto\"><\/div>\n<div dir=\"auto\"><a href=\"https:\/\/radzima.eu\/wp-content\/uploads\/2022\/06\/download-2.jpg\"><img loading=\"lazy\" decoding=\"async\" class=\"alignleft size-full wp-image-2222\" src=\"https:\/\/radzima.eu\/wp-content\/uploads\/2022\/06\/download-2.jpg\" alt=\"\" width=\"225\" height=\"225\" srcset=\"https:\/\/radzima.eu\/wp-content\/uploads\/2022\/06\/download-2.jpg 225w, https:\/\/radzima.eu\/wp-content\/uploads\/2022\/06\/download-2-150x150.jpg 150w\" sizes=\"auto, (max-width: 225px) 100vw, 225px\" \/><\/a><\/div>\n<div dir=\"auto\"><\/div>\n<div dir=\"auto\"><em><strong>V\u00e4hemusrahvuste keskus &#8220;Radzima&#8221; \u00f5nnitleb oma \u00f5petajaid, \u00f5pilasi ja lapsevanemaid kooliaasta l\u00f5pu puhul ning soovib k\u00f5igile p\u00e4ikeselist suve, head puhkust, uusi avastusi ja imelisi muljeid!<\/strong><\/em><\/div>","protected":false},"excerpt":{"rendered":"<p>V\u00e4hemusrahvuste keskus &#8220;Radzima&#8221; \u00f5nnitleb kooliaasta l\u00f5pu puhul Hurraa! Suvine koolivaheaeg! T\u00e4na,13.06,\u00a0 viimane koolip\u00e4ev Eestis. Ja homme algab kauaoodatud suvine koolivaheaeg. V\u00e4hemusrahvuste keskus &#8220;Radzima&#8221; \u00f5nnitleb oma \u00f5petajaid, \u00f5pilasi ja lapsevanemaid kooliaasta l\u00f5pu puhul<a class=\"moretag\" href=\"https:\/\/radzima.eu\/et\/vahemusrahvuste-keskus-radzima-onnitleb-kooliaasta-lopu-puhul\/\">Read More&#8230;<\/a><\/p>\n","protected":false},"author":1,"featured_media":0,"comment_status":"closed","ping_status":"closed","sticky":false,"template":"","format":"standard","meta":{"footnotes":""},"categories":[1],"tags":[],"class_list":["post-2220","post","type-post","status-publish","format-standard","hentry","category-1"],"_links":{"self":[{"href":"https:\/\/radzima.eu\/et\/wp-json\/wp\/v2\/posts\/2220","targetHints":{"allow":["GET"]}}],"collection":[{"href":"https:\/\/radzima.eu\/et\/wp-json\/wp\/v2\/posts"}],"about":[{"href":"https:\/\/radzima.eu\/et\/wp-json\/wp\/v2\/types\/post"}],"author":[{"embeddable":true,"href":"https:\/\/radzima.eu\/et\/wp-json\/wp\/v2\/users\/1"}],"replies":[{"embeddable":true,"href":"https:\/\/radzima.eu\/et\/wp-json\/wp\/v2\/comments?post=2220"}],"version-history":[{"count":1,"href":"https:\/\/radzima.eu\/et\/wp-json\/wp\/v2\/posts\/2220\/revisions"}],"predecessor-version":[{"id":2223,"href":"https:\/\/radzima.eu\/et\/wp-json\/wp\/v2\/posts\/2220\/revisions\/2223"}],"wp:attachment":[{"href":"https:\/\/radzima.eu\/et\/wp-json\/wp\/v2\/media?parent=2220"}],"wp:term":[{"taxonomy":"category","embeddable":true,"href":"https:\/\/radzima.eu\/et\/wp-json\/wp\/v2\/categories?post=2220"},{"taxonomy":"post_tag","embeddable":true,"href":"https:\/\/radzima.eu\/et\/wp-json\/wp\/v2\/tags?post=2220"}],"curies":[{"name":"wp","href":"https:\/\/api.w.org\/{rel}","templated":true}]}}