{"id":2647,"date":"2023-07-11T23:54:15","date_gmt":"2023-07-11T20:54:15","guid":{"rendered":"https:\/\/radzima.eu\/?p=2647"},"modified":"2023-07-19T23:54:31","modified_gmt":"2023-07-19T20:54:31","slug":"eesti-kultuuriseltside-uhenduse-suvekool-kassari-saarel","status":"publish","type":"post","link":"https:\/\/radzima.eu\/et\/eesti-kultuuriseltside-uhenduse-suvekool-kassari-saarel\/","title":{"rendered":"Eesti Kultuuriseltside \u00dchenduse suvekool\u00a0Kassari saarel"},"content":{"rendered":"<div><strong><span class=\"x193iq5w xeuugli x13faqbe x1vvkbs x1xmvt09 x6prxxf xvq8zen xo1l8bm xzsf02u\">Eesti Kultuuriseltside \u00dchenduse suvekool\u00a0Kassari saarel<\/span><\/strong><\/div>\n<div><\/div>\n<div class=\"x1e56ztr\"><span class=\"x193iq5w xeuugli x13faqbe x1vvkbs x1xmvt09 x6prxxf xvq8zen xo1l8bm xzsf02u\"><a href=\"https:\/\/radzima.eu\/wp-content\/uploads\/2023\/07\/359721277_6490398294362640_3142194209321186511_n.jpg\"><img loading=\"lazy\" decoding=\"async\" class=\"alignleft size-medium wp-image-2648\" src=\"https:\/\/radzima.eu\/wp-content\/uploads\/2023\/07\/359721277_6490398294362640_3142194209321186511_n-300x146.jpg\" alt=\"\" width=\"300\" height=\"146\" srcset=\"https:\/\/radzima.eu\/wp-content\/uploads\/2023\/07\/359721277_6490398294362640_3142194209321186511_n-300x146.jpg 300w, https:\/\/radzima.eu\/wp-content\/uploads\/2023\/07\/359721277_6490398294362640_3142194209321186511_n-768x373.jpg 768w, https:\/\/radzima.eu\/wp-content\/uploads\/2023\/07\/359721277_6490398294362640_3142194209321186511_n-1024x498.jpg 1024w, https:\/\/radzima.eu\/wp-content\/uploads\/2023\/07\/359721277_6490398294362640_3142194209321186511_n.jpg 1080w\" sizes=\"auto, (max-width: 300px) 100vw, 300px\" \/><\/a>7.-9. juulil 2023 Kassari saarel toimus Eesti Kultuuriseltside \u00dchenduse (EKS\u00dc) suvekool, kus said kokku liikmesseltside esindajad ning seltside s\u00f5brad . \u00dcritusel osales kinokompaania <em><strong>Etnomeedia juht Aleksei Aleksejev.<\/strong><\/em><\/span><\/div>\n<div class=\"x1e56ztr\"><span class=\"x193iq5w xeuugli x13faqbe x1vvkbs x1xmvt09 x6prxxf xvq8zen xo1l8bm xzsf02u\">Kassari suvekool oli \u00fchitatud samal ajal saarel korraldatava<b>\u00a0<\/b>V\u00e4ikesaarte Laulupeoga.<\/span><\/div>\n<div class=\"x1e56ztr\"><span class=\"x193iq5w xeuugli x13faqbe x1vvkbs x1xmvt09 x6prxxf xvq8zen xo1l8bm xzsf02u\">Suvekooli oluline osa oli arutelu EKS\u00dc tuleviku \u00fcle ning kuidas kultuuriseltsidena oma m\u00f5ju \u00fchiskonnas suurendada.<\/span><\/div>","protected":false},"excerpt":{"rendered":"<p>Eesti Kultuuriseltside \u00dchenduse suvekool\u00a0Kassari saarel 7.-9. juulil 2023 Kassari saarel toimus Eesti Kultuuriseltside \u00dchenduse (EKS\u00dc) suvekool, kus said kokku liikmesseltside esindajad ning seltside s\u00f5brad . \u00dcritusel osales kinokompaania Etnomeedia juht Aleksei Aleksejev.<a class=\"moretag\" href=\"https:\/\/radzima.eu\/et\/eesti-kultuuriseltside-uhenduse-suvekool-kassari-saarel\/\">Read More&#8230;<\/a><\/p>\n","protected":false},"author":1,"featured_media":0,"comment_status":"closed","ping_status":"closed","sticky":false,"template":"","format":"standard","meta":{"footnotes":""},"categories":[1],"tags":[],"class_list":["post-2647","post","type-post","status-publish","format-standard","hentry","category-1"],"_links":{"self":[{"href":"https:\/\/radzima.eu\/et\/wp-json\/wp\/v2\/posts\/2647","targetHints":{"allow":["GET"]}}],"collection":[{"href":"https:\/\/radzima.eu\/et\/wp-json\/wp\/v2\/posts"}],"about":[{"href":"https:\/\/radzima.eu\/et\/wp-json\/wp\/v2\/types\/post"}],"author":[{"embeddable":true,"href":"https:\/\/radzima.eu\/et\/wp-json\/wp\/v2\/users\/1"}],"replies":[{"embeddable":true,"href":"https:\/\/radzima.eu\/et\/wp-json\/wp\/v2\/comments?post=2647"}],"version-history":[{"count":1,"href":"https:\/\/radzima.eu\/et\/wp-json\/wp\/v2\/posts\/2647\/revisions"}],"predecessor-version":[{"id":2649,"href":"https:\/\/radzima.eu\/et\/wp-json\/wp\/v2\/posts\/2647\/revisions\/2649"}],"wp:attachment":[{"href":"https:\/\/radzima.eu\/et\/wp-json\/wp\/v2\/media?parent=2647"}],"wp:term":[{"taxonomy":"category","embeddable":true,"href":"https:\/\/radzima.eu\/et\/wp-json\/wp\/v2\/categories?post=2647"},{"taxonomy":"post_tag","embeddable":true,"href":"https:\/\/radzima.eu\/et\/wp-json\/wp\/v2\/tags?post=2647"}],"curies":[{"name":"wp","href":"https:\/\/api.w.org\/{rel}","templated":true}]}}