{"id":2706,"date":"2023-09-06T00:58:15","date_gmt":"2023-09-05T21:58:15","guid":{"rendered":"https:\/\/radzima.eu\/?p=2706"},"modified":"2023-09-09T00:58:36","modified_gmt":"2023-09-08T21:58:36","slug":"valgevene-kultuuripaevade-raames-on-eestis-valja-kuulutatud-traditsiooniline-luulekonkurss-noortele","status":"publish","type":"post","link":"https:\/\/radzima.eu\/et\/valgevene-kultuuripaevade-raames-on-eestis-valja-kuulutatud-traditsiooniline-luulekonkurss-noortele\/","title":{"rendered":"Valgevene kultuurip\u00e4evade raames on Eestis v\u00e4lja kuulutatud traditsiooniline luulekonkurss noortele"},"content":{"rendered":"<strong>Valgevene kultuurip\u00e4evade raames on Eestis v\u00e4lja kuulutatud traditsiooniline luulekonkurss noortele<\/strong><\/p>\n<p><a href=\"https:\/\/radzima.eu\/wp-content\/uploads\/2023\/09\/20230908_015925.jpg\"><img loading=\"lazy\" decoding=\"async\" class=\"alignleft size-medium wp-image-2701\" src=\"https:\/\/radzima.eu\/wp-content\/uploads\/2023\/09\/20230908_015925-221x300.jpg\" alt=\"\" width=\"221\" height=\"300\" srcset=\"https:\/\/radzima.eu\/wp-content\/uploads\/2023\/09\/20230908_015925-221x300.jpg 221w, https:\/\/radzima.eu\/wp-content\/uploads\/2023\/09\/20230908_015925-768x1041.jpg 768w, https:\/\/radzima.eu\/wp-content\/uploads\/2023\/09\/20230908_015925-755x1024.jpg 755w, https:\/\/radzima.eu\/wp-content\/uploads\/2023\/09\/20230908_015925.jpg 1844w\" sizes=\"auto, (max-width: 221px) 100vw, 221px\" \/><\/a><\/p>\n<p>&nbsp;<\/p>\n<p>V\u00e4hemusrahvuste Keskus &#8220;Radzima&#8221; (Eesti, Tallinn) kutsub 8-18-aastaseid lapsi osalema rahvusvahelisel veebip\u00f5hisel luulekonkursil, mis on p\u00fchendatud Valgevene poetessi Jevgenia Jani\u0161t\u0161itsi 75. aastap\u00e4evale.<\/p>\n<p>Valige poetessi luuletused,\u00a0 filmige video ja saatke\u00a0 \u00fchele aadressidest: r<strong>adzima@radzima.eu<\/strong> v\u00f5i\u00a0 <strong>niina@evastudiorum.com<\/strong><\/p>\n<p>Ootame aktiivset osalemist konkursil!<\/p>\n<p>&nbsp;<\/p>\n<p><a href=\"https:\/\/radzima.eu\/wp-content\/uploads\/2023\/09\/\u0417\u0430\u044f\u0432\u043a\u0430-\u043d\u0430-\u0443\u0447\u0430\u0441\u0442\u0438\u0435-\u0432-\u043e\u043d\u043b\u0430\u0439\u043d-\u043a\u043e\u043d\u043a\u0443\u0440\u0441\u0435-\u0447\u0442\u0435\u0446\u043e\u0432-\u0415\u0432\u0433\u0435\u043d\u0438\u044f-\u042f\u043d\u0438\u0449\u0438\u0446.docx\">\u0417\u0430\u044f\u0432\u043a\u0430 \u043d\u0430 \u0443\u0447\u0430\u0441\u0442\u0438\u0435 \u0432 \u043e\u043d\u043b\u0430\u0439\u043d-\u043a\u043e\u043d\u043a\u0443\u0440\u0441\u0435 \u0447\u0442\u0435\u0446\u043e\u0432 \u0415\u0432\u0433\u0435\u043d\u0438\u044f \u042f\u043d\u0438\u0449\u0438\u0446<\/a><\/p>\n<p><a href=\"https:\/\/radzima.eu\/wp-content\/uploads\/2023\/09\/\u041f\u043e\u043b\u043e\u0436\u0435\u043d\u0438\u0435-\u043e-\u043a\u043e\u043d\u043a\u0443\u0440\u0441\u0435-\u0447\u0442\u0435\u0446\u043e\u0432-\u0415\u0432\u0433\u0435\u043d\u0438\u044f-\u042f\u043d\u0438\u0449\u0438\u0446-2023-\u0433\u043e\u0434.pdf\">\u041f\u043e\u043b\u043e\u0436\u0435\u043d\u0438\u0435 \u043e \u043a\u043e\u043d\u043a\u0443\u0440\u0441\u0435 \u0447\u0442\u0435\u0446\u043e\u0432 \u0415\u0432\u0433\u0435\u043d\u0438\u044f \u042f\u043d\u0438\u0449\u0438\u0446 2023 \u0433\u043e\u0434<\/a>","protected":false},"excerpt":{"rendered":"<p>Valgevene kultuurip\u00e4evade raames on Eestis v\u00e4lja kuulutatud traditsiooniline luulekonkurss noortele &nbsp; V\u00e4hemusrahvuste Keskus &#8220;Radzima&#8221; (Eesti, Tallinn) kutsub 8-18-aastaseid lapsi osalema rahvusvahelisel veebip\u00f5hisel luulekonkursil, mis on p\u00fchendatud Valgevene poetessi Jevgenia Jani\u0161t\u0161itsi 75. aastap\u00e4evale.<a class=\"moretag\" href=\"https:\/\/radzima.eu\/et\/valgevene-kultuuripaevade-raames-on-eestis-valja-kuulutatud-traditsiooniline-luulekonkurss-noortele\/\">Read More&#8230;<\/a><\/p>\n","protected":false},"author":1,"featured_media":0,"comment_status":"closed","ping_status":"closed","sticky":false,"template":"","format":"standard","meta":{"footnotes":""},"categories":[1],"tags":[],"class_list":["post-2706","post","type-post","status-publish","format-standard","hentry","category-1"],"_links":{"self":[{"href":"https:\/\/radzima.eu\/et\/wp-json\/wp\/v2\/posts\/2706","targetHints":{"allow":["GET"]}}],"collection":[{"href":"https:\/\/radzima.eu\/et\/wp-json\/wp\/v2\/posts"}],"about":[{"href":"https:\/\/radzima.eu\/et\/wp-json\/wp\/v2\/types\/post"}],"author":[{"embeddable":true,"href":"https:\/\/radzima.eu\/et\/wp-json\/wp\/v2\/users\/1"}],"replies":[{"embeddable":true,"href":"https:\/\/radzima.eu\/et\/wp-json\/wp\/v2\/comments?post=2706"}],"version-history":[{"count":1,"href":"https:\/\/radzima.eu\/et\/wp-json\/wp\/v2\/posts\/2706\/revisions"}],"predecessor-version":[{"id":2708,"href":"https:\/\/radzima.eu\/et\/wp-json\/wp\/v2\/posts\/2706\/revisions\/2708"}],"wp:attachment":[{"href":"https:\/\/radzima.eu\/et\/wp-json\/wp\/v2\/media?parent=2706"}],"wp:term":[{"taxonomy":"category","embeddable":true,"href":"https:\/\/radzima.eu\/et\/wp-json\/wp\/v2\/categories?post=2706"},{"taxonomy":"post_tag","embeddable":true,"href":"https:\/\/radzima.eu\/et\/wp-json\/wp\/v2\/tags?post=2706"}],"curies":[{"name":"wp","href":"https:\/\/api.w.org\/{rel}","templated":true}]}}