{"id":2069,"date":"2022-03-07T01:43:08","date_gmt":"2022-03-06T23:43:08","guid":{"rendered":"https:\/\/radzima.eu\/?p=2069"},"modified":"2022-03-13T01:45:18","modified_gmt":"2022-03-12T23:45:18","slug":"saadame-koos-vasalemmas-rahvuste-seltsiga-talve-ara","status":"publish","type":"post","link":"https:\/\/radzima.eu\/ru\/saadame-koos-vasalemmas-rahvuste-seltsiga-talve-ara\/","title":{"rendered":"(Eesti) Saadame koos Vasalemma Rahvuste Seltsiga talve \u00e4ra!"},"content":{"rendered":"<p class=\"qtranxs-available-languages-message qtranxs-available-languages-message-ru\">\u0418\u0437\u0432\u0438\u043d\u0438\u0442\u0435, \u044d\u0442\u043e\u0442 \u0442\u0435\u0445\u0442 \u0434\u043e\u0441\u0442\u0443\u043f\u0435\u043d \u0442\u043e\u043b\u044c\u043a\u043e \u0432 \u201c<a href=\"https:\/\/radzima.eu\/et\/wp-json\/wp\/v2\/posts\/2069\" class=\"qtranxs-available-language-link qtranxs-available-language-link-et\" title=\"Eesti\">Eesti<\/a>\u201d. For the sake of viewer convenience, the content is shown below in the alternative language. You may click the link to switch the active language.<\/p><strong>Saadame koos Vasalemma Rahvuste Seltsiga talve \u00e4ra!<\/strong><\/p>\n<p>V\u00e4hemusrahvuste Keskust &#171;Radzima&#187; ja Vasalemma Rahvuste Seltsi seob pikaajaline s\u00f5prus. Ka sel, 2022. aastal saime kutse osaleda 12. m\u00e4rtsil \u00fcritusel \u201cTalve saatmine\u201d ja veeta koos aega \u00c4mari k\u00fclas \u00a0(L\u00e4\u00e4ne-Harju vald)<\/p>\n<p><a href=\"https:\/\/radzima.eu\/wp-content\/uploads\/2022\/03\/275298756_695529994817681_5876504264269059890_n.jpg\"><img loading=\"lazy\" decoding=\"async\" class=\"alignleft size-medium wp-image-2070\" src=\"https:\/\/radzima.eu\/wp-content\/uploads\/2022\/03\/275298756_695529994817681_5876504264269059890_n-300x252.jpg\" alt=\"\" width=\"300\" height=\"252\" srcset=\"https:\/\/radzima.eu\/wp-content\/uploads\/2022\/03\/275298756_695529994817681_5876504264269059890_n-300x252.jpg 300w, https:\/\/radzima.eu\/wp-content\/uploads\/2022\/03\/275298756_695529994817681_5876504264269059890_n.jpg 600w\" sizes=\"auto, (max-width: 300px) 100vw, 300px\" \/><\/a>Kallid s\u00f5brad!<\/p>\n<p>Meil on hea meel, et Talve saatmise \u00fcritusel osaleb V\u00e4hemusrahvuste Keskuse \u201eRadzima\u201c\u00a0 liige \u2013 teater \u201e Vepside hing\u201c oma etendus-muinasjutuga &#171;Onni iroonia \u2026&#187;","protected":false},"excerpt":{"rendered":"<p>\u0418\u0437\u0432\u0438\u043d\u0438\u0442\u0435, \u044d\u0442\u043e\u0442 \u0442\u0435\u0445\u0442 \u0434\u043e\u0441\u0442\u0443\u043f\u0435\u043d \u0442\u043e\u043b\u044c\u043a\u043e \u0432 \u201cEesti\u201d. For the sake of viewer convenience, the content is shown below in the alternative language. You may click the link to switch the active language.Saadame<a class=\"moretag\" href=\"https:\/\/radzima.eu\/ru\/saadame-koos-vasalemmas-rahvuste-seltsiga-talve-ara\/\">Read More&#8230;<\/a><\/p>\n","protected":false},"author":1,"featured_media":0,"comment_status":"closed","ping_status":"closed","sticky":false,"template":"","format":"standard","meta":{"footnotes":""},"categories":[1],"tags":[],"class_list":["post-2069","post","type-post","status-publish","format-standard","hentry","category-1"],"_links":{"self":[{"href":"https:\/\/radzima.eu\/ru\/wp-json\/wp\/v2\/posts\/2069","targetHints":{"allow":["GET"]}}],"collection":[{"href":"https:\/\/radzima.eu\/ru\/wp-json\/wp\/v2\/posts"}],"about":[{"href":"https:\/\/radzima.eu\/ru\/wp-json\/wp\/v2\/types\/post"}],"author":[{"embeddable":true,"href":"https:\/\/radzima.eu\/ru\/wp-json\/wp\/v2\/users\/1"}],"replies":[{"embeddable":true,"href":"https:\/\/radzima.eu\/ru\/wp-json\/wp\/v2\/comments?post=2069"}],"version-history":[{"count":0,"href":"https:\/\/radzima.eu\/ru\/wp-json\/wp\/v2\/posts\/2069\/revisions"}],"wp:attachment":[{"href":"https:\/\/radzima.eu\/ru\/wp-json\/wp\/v2\/media?parent=2069"}],"wp:term":[{"taxonomy":"category","embeddable":true,"href":"https:\/\/radzima.eu\/ru\/wp-json\/wp\/v2\/categories?post=2069"},{"taxonomy":"post_tag","embeddable":true,"href":"https:\/\/radzima.eu\/ru\/wp-json\/wp\/v2\/tags?post=2069"}],"curies":[{"name":"wp","href":"https:\/\/api.w.org\/{rel}","templated":true}]}}