{"id":2084,"date":"2022-03-30T01:30:01","date_gmt":"2022-03-29T22:30:01","guid":{"rendered":"https:\/\/radzima.eu\/?p=2084"},"modified":"2022-05-03T00:31:45","modified_gmt":"2022-05-02T21:31:45","slug":"veebiseminaride-sari-muukeelne-laps-eesti-haridusasutuses","status":"publish","type":"post","link":"https:\/\/radzima.eu\/ru\/veebiseminaride-sari-muukeelne-laps-eesti-haridusasutuses\/","title":{"rendered":"(Eesti) Veebiseminaride sari \u201cMuukeelne laps Eesti haridusasutuses&#187;"},"content":{"rendered":"<p class=\"qtranxs-available-languages-message qtranxs-available-languages-message-ru\">\u0418\u0437\u0432\u0438\u043d\u0438\u0442\u0435, \u044d\u0442\u043e\u0442 \u0442\u0435\u0445\u0442 \u0434\u043e\u0441\u0442\u0443\u043f\u0435\u043d \u0442\u043e\u043b\u044c\u043a\u043e \u0432 \u201c<a href=\"https:\/\/radzima.eu\/et\/wp-json\/wp\/v2\/posts\/2084\" class=\"qtranxs-available-language-link qtranxs-available-language-link-et\" title=\"Eesti\">Eesti<\/a>\u201d. For the sake of viewer convenience, the content is shown below in the alternative language. You may click the link to switch the active language.<\/p><strong>\u00a0Veebiseminaride sari \u201cMuukeelne laps Eesti haridusasutuses&#187;<\/strong><\/p>\n<p><a href=\"https:\/\/radzima.eu\/wp-content\/uploads\/2022\/04\/download.jpg\"><img loading=\"lazy\" decoding=\"async\" class=\"alignleft size-medium wp-image-2085\" src=\"https:\/\/radzima.eu\/wp-content\/uploads\/2022\/04\/download-300x168.jpg\" alt=\"\" width=\"300\" height=\"168\" \/><\/a>Haridust\u00f6\u00f6tajate jaoks Haridus \u2013 ja Noorteamet korraldas\u00a0 veebiseminaride sarja\u00a0<strong>\u201cMuukeelne laps Eesti haridusasutuses\u201d<\/strong>, kuna Eesti lasteaeda v\u00f5i kooli on juba tulnud v\u00f5i tulemas muukeelseid lapsi.<\/p>\n<p>&nbsp;<\/p>\n<p>V\u00e4hemusrahvuste Keskuse &#171;Radzima&#187; pedagoogid osalesid\u00a02022. aasta m\u00e4rtsis\u00a0 neljal veebiseminaril.<\/p>\n<p>09.03.2022 esimesel seminaril, jagas oma kogemusi Lillek\u00fcla G\u00fcmnaasiumi direktor Anu Luure. Ta r\u00e4\u00e4gis, millised v\u00f5iksid olla esimesed sammud, kuidas tagada toetav keskkond ning millised v\u00e4ljakutsed v\u00f5ivad tekkida. Ta jagas v\u00e4ga h\u00e4id ideid nendel teemadel:<\/p>\n<ul>\n<li>koolikeskkonna kujundamine;<\/li>\n<li>vestlus uue saabuva perega;<\/li>\n<li>\u00f5ppet\u00f6\u00f6 korraldamise paindlikkus;<\/li>\n<li>lapse mured ja tunded;<\/li>\n<li>milleks peab valmis olema.<\/li>\n<\/ul>\n<p>18.03.2022 toimus teine seminar teemal \u201c<em><strong>Muukeelne laps Eesti haridusasutuses: ps\u00fchholoogiline ja sotsiaalne toetamine\u201d<\/strong><\/em>. Ps\u00fchholoog Tiiu Meres\u00a0 r\u00e4\u00e4kis, kuidas toetada koolis ps\u00fchholoogiliselt ja sotsiaalselt kriisiolukorrast saabunud lapsi.<\/p>\n<p>22.03.2022 Haridus \u2013 ja Noorteamet korraldas kolmanda veebiseminari <em><strong>\u201cMuukeelne laps Eesti haridusasutuses: mitmekultuuriline klassiruum\u201d.<\/strong><\/em>\u00a0Haridus- ja Teadusministeeriumi \u00fcldhariduse valdkonna n\u00f5unik Mare Oja arutles mitmekultuurilise klassiruumi teemal:<\/p>\n<ul>\n<li>Milliseid strateegiaid kasutada tundlike teemade k\u00e4sitlemisel, kui arvamused on vastandlikud;<\/li>\n<li>mitmeperspektiivsus ja kriitiline m\u00f5tlemine;<\/li>\n<li>argumenteeritud m\u00f5ttevahetust toetavad meetodid.<\/li>\n<\/ul>\n<p>29.03.2022 toimus veebiseminar <strong><em>\u201cMuukeelne laps Eesti haridusasutuses: paindlik \u00f5ppetegevuse korraldamine\u201d.<\/em>\u00a0<\/strong>\u00a0Haridus-ja Teadusministeeriumi \u00fcldhariduse valdkonna peaekspert Hele Liiv-Tellmann tutvustas \u00f5ppep\u00e4eva korraldamist muukeelsetele lastele haridusasutuses.<\/p>\n<p>&nbsp;","protected":false},"excerpt":{"rendered":"<p>\u0418\u0437\u0432\u0438\u043d\u0438\u0442\u0435, \u044d\u0442\u043e\u0442 \u0442\u0435\u0445\u0442 \u0434\u043e\u0441\u0442\u0443\u043f\u0435\u043d \u0442\u043e\u043b\u044c\u043a\u043e \u0432 \u201cEesti\u201d. For the sake of viewer convenience, the content is shown below in the alternative language. You may click the link to switch the active language.\u00a0Veebiseminaride<a class=\"moretag\" href=\"https:\/\/radzima.eu\/ru\/veebiseminaride-sari-muukeelne-laps-eesti-haridusasutuses\/\">Read More&#8230;<\/a><\/p>\n","protected":false},"author":1,"featured_media":0,"comment_status":"closed","ping_status":"closed","sticky":false,"template":"","format":"standard","meta":{"footnotes":""},"categories":[1],"tags":[],"class_list":["post-2084","post","type-post","status-publish","format-standard","hentry","category-1"],"_links":{"self":[{"href":"https:\/\/radzima.eu\/ru\/wp-json\/wp\/v2\/posts\/2084","targetHints":{"allow":["GET"]}}],"collection":[{"href":"https:\/\/radzima.eu\/ru\/wp-json\/wp\/v2\/posts"}],"about":[{"href":"https:\/\/radzima.eu\/ru\/wp-json\/wp\/v2\/types\/post"}],"author":[{"embeddable":true,"href":"https:\/\/radzima.eu\/ru\/wp-json\/wp\/v2\/users\/1"}],"replies":[{"embeddable":true,"href":"https:\/\/radzima.eu\/ru\/wp-json\/wp\/v2\/comments?post=2084"}],"version-history":[{"count":0,"href":"https:\/\/radzima.eu\/ru\/wp-json\/wp\/v2\/posts\/2084\/revisions"}],"wp:attachment":[{"href":"https:\/\/radzima.eu\/ru\/wp-json\/wp\/v2\/media?parent=2084"}],"wp:term":[{"taxonomy":"category","embeddable":true,"href":"https:\/\/radzima.eu\/ru\/wp-json\/wp\/v2\/categories?post=2084"},{"taxonomy":"post_tag","embeddable":true,"href":"https:\/\/radzima.eu\/ru\/wp-json\/wp\/v2\/tags?post=2084"}],"curies":[{"name":"wp","href":"https:\/\/api.w.org\/{rel}","templated":true}]}}