{"id":2755,"date":"2023-09-30T15:05:29","date_gmt":"2023-09-30T12:05:29","guid":{"rendered":"https:\/\/radzima.eu\/?p=2755"},"modified":"2023-09-30T15:11:50","modified_gmt":"2023-09-30T12:11:50","slug":"xix-kunstisalong-malestuste-aardelaekast-akadeemik-h-z-barabaneri-90-a-sunniaastapaevaks","status":"publish","type":"post","link":"https:\/\/radzima.eu\/ru\/xix-kunstisalong-malestuste-aardelaekast-akadeemik-h-z-barabaneri-90-a-sunniaastapaevaks\/","title":{"rendered":"(Eesti) XIX Kunstisalong &#187; M\u00e4lestuste aardelaekast: akadeemik H.Z. Barabaneri 90-a. s\u00fcnniaastap\u00e4evaks&#187;"},"content":{"rendered":"<p class=\"qtranxs-available-languages-message qtranxs-available-languages-message-ru\">\u0418\u0437\u0432\u0438\u043d\u0438\u0442\u0435, \u044d\u0442\u043e\u0442 \u0442\u0435\u0445\u0442 \u0434\u043e\u0441\u0442\u0443\u043f\u0435\u043d \u0442\u043e\u043b\u044c\u043a\u043e \u0432 \u201c<a href=\"https:\/\/radzima.eu\/et\/wp-json\/wp\/v2\/posts\/2755\" class=\"qtranxs-available-language-link qtranxs-available-language-link-et\" title=\"Eesti\">Eesti<\/a>\u201d. For the sake of viewer convenience, the content is shown below in the alternative language. You may click the link to switch the active language.<\/p><strong>XIX Kunstisalong &#187; M\u00e4lestuste aardelaekast: akadeemik H.Z. Barabaneri 90-a. s\u00fcnniaastap\u00e4evaks&#187;<\/strong><\/p>\n<p><a href=\"https:\/\/radzima.eu\/wp-content\/uploads\/2023\/09\/\u0430\u0444\u0438\u0448\u0430.jpg\"><img loading=\"lazy\" decoding=\"async\" class=\"alignleft size-medium wp-image-2752\" src=\"https:\/\/radzima.eu\/wp-content\/uploads\/2023\/09\/\u0430\u0444\u0438\u0448\u0430-209x300.jpg\" alt=\"\" width=\"209\" height=\"300\" srcset=\"https:\/\/radzima.eu\/wp-content\/uploads\/2023\/09\/\u0430\u0444\u0438\u0448\u0430-209x300.jpg 209w, https:\/\/radzima.eu\/wp-content\/uploads\/2023\/09\/\u0430\u0444\u0438\u0448\u0430-768x1101.jpg 768w, https:\/\/radzima.eu\/wp-content\/uploads\/2023\/09\/\u0430\u0444\u0438\u0448\u0430-714x1024.jpg 714w\" sizes=\"auto, (max-width: 209px) 100vw, 209px\" \/><\/a><\/p>\n<p><a href=\"https:\/\/radzima.eu\/wp-content\/uploads\/2023\/09\/\u041f\u0440\u0438\u0433\u043b\u0430\u0448..jpg\"><img loading=\"lazy\" decoding=\"async\" class=\"alignleft size-medium wp-image-2753\" src=\"https:\/\/radzima.eu\/wp-content\/uploads\/2023\/09\/\u041f\u0440\u0438\u0433\u043b\u0430\u0448.-300x217.jpg\" alt=\"\" width=\"300\" height=\"217\" srcset=\"https:\/\/radzima.eu\/wp-content\/uploads\/2023\/09\/\u041f\u0440\u0438\u0433\u043b\u0430\u0448.-300x217.jpg 300w, https:\/\/radzima.eu\/wp-content\/uploads\/2023\/09\/\u041f\u0440\u0438\u0433\u043b\u0430\u0448.-768x554.jpg 768w, https:\/\/radzima.eu\/wp-content\/uploads\/2023\/09\/\u041f\u0440\u0438\u0433\u043b\u0430\u0448.-1024x739.jpg 1024w\" sizes=\"auto, (max-width: 300px) 100vw, 300px\" \/><\/a><\/p>\n<p>&nbsp;<\/p>\n<p>&nbsp;<\/p>\n<p>&nbsp;<\/p>\n<p>&nbsp;<\/p>\n<p>&nbsp;<\/p>\n<p>&nbsp;<\/p>\n<p>&nbsp;<\/p>\n<p>&nbsp;<\/p>\n<p>6.10.2023 kell 18.00 toimub Vene Kultuuri Keskuse V\u00e4ikeses saalis (Tallinn) XIX kunstisalong <em><strong>\u201cM\u00e4lestuste\u00a0aardelaekast: akadeemik H. Z. Barabaneri 90. juubeliaasta\u201d<\/strong> <\/em>eesti teadlaste (harrastusluuletajate ja bardide) osav\u00f5tul<\/p>\n<p><a href=\"https:\/\/radzima.eu\/wp-content\/uploads\/2023\/09\/k2017_04_21_24_20170426_1267596987.png\"><img loading=\"lazy\" decoding=\"async\" class=\"alignleft wp-image-2756\" src=\"https:\/\/radzima.eu\/wp-content\/uploads\/2023\/09\/k2017_04_21_24_20170426_1267596987-300x300.png\" alt=\"\" width=\"200\" height=\"200\" srcset=\"https:\/\/radzima.eu\/wp-content\/uploads\/2023\/09\/k2017_04_21_24_20170426_1267596987-300x300.png 300w, https:\/\/radzima.eu\/wp-content\/uploads\/2023\/09\/k2017_04_21_24_20170426_1267596987-150x150.png 150w, https:\/\/radzima.eu\/wp-content\/uploads\/2023\/09\/k2017_04_21_24_20170426_1267596987.png 568w\" sizes=\"auto, (max-width: 200px) 100vw, 200px\" \/><\/a><\/p>\n<p>&nbsp;<\/p>\n<p>Saate autor ja saatejuht on Tallinna Esteetilise Kasvatuse Keskuse juhatuse esimees kultuuriajaloo MA Tatjana T\u0161ervova.","protected":false},"excerpt":{"rendered":"<p>\u0418\u0437\u0432\u0438\u043d\u0438\u0442\u0435, \u044d\u0442\u043e\u0442 \u0442\u0435\u0445\u0442 \u0434\u043e\u0441\u0442\u0443\u043f\u0435\u043d \u0442\u043e\u043b\u044c\u043a\u043e \u0432 \u201cEesti\u201d. For the sake of viewer convenience, the content is shown below in the alternative language. You may click the link to switch the active language.XIX<a class=\"moretag\" href=\"https:\/\/radzima.eu\/ru\/xix-kunstisalong-malestuste-aardelaekast-akadeemik-h-z-barabaneri-90-a-sunniaastapaevaks\/\">Read More&#8230;<\/a><\/p>\n","protected":false},"author":1,"featured_media":0,"comment_status":"closed","ping_status":"closed","sticky":false,"template":"","format":"standard","meta":{"footnotes":""},"categories":[1],"tags":[],"class_list":["post-2755","post","type-post","status-publish","format-standard","hentry","category-1"],"_links":{"self":[{"href":"https:\/\/radzima.eu\/ru\/wp-json\/wp\/v2\/posts\/2755","targetHints":{"allow":["GET"]}}],"collection":[{"href":"https:\/\/radzima.eu\/ru\/wp-json\/wp\/v2\/posts"}],"about":[{"href":"https:\/\/radzima.eu\/ru\/wp-json\/wp\/v2\/types\/post"}],"author":[{"embeddable":true,"href":"https:\/\/radzima.eu\/ru\/wp-json\/wp\/v2\/users\/1"}],"replies":[{"embeddable":true,"href":"https:\/\/radzima.eu\/ru\/wp-json\/wp\/v2\/comments?post=2755"}],"version-history":[{"count":0,"href":"https:\/\/radzima.eu\/ru\/wp-json\/wp\/v2\/posts\/2755\/revisions"}],"wp:attachment":[{"href":"https:\/\/radzima.eu\/ru\/wp-json\/wp\/v2\/media?parent=2755"}],"wp:term":[{"taxonomy":"category","embeddable":true,"href":"https:\/\/radzima.eu\/ru\/wp-json\/wp\/v2\/categories?post=2755"},{"taxonomy":"post_tag","embeddable":true,"href":"https:\/\/radzima.eu\/ru\/wp-json\/wp\/v2\/tags?post=2755"}],"curies":[{"name":"wp","href":"https:\/\/api.w.org\/{rel}","templated":true}]}}