{"id":4022,"date":"2026-08-31T00:26:17","date_gmt":"2026-08-30T21:26:17","guid":{"rendered":"https:\/\/radzima.eu\/?p=4022"},"modified":"2026-09-01T00:26:34","modified_gmt":"2026-08-31T21:26:34","slug":"vahtpidu-lastele-suve-lopu-tahistamiseks","status":"publish","type":"post","link":"https:\/\/radzima.eu\/ru\/vahtpidu-lastele-suve-lopu-tahistamiseks\/","title":{"rendered":"(Eesti) Vahtpidu lastele suve l\u00f5pu t\u00e4histamiseks"},"content":{"rendered":"<p class=\"qtranxs-available-languages-message qtranxs-available-languages-message-ru\">\u0418\u0437\u0432\u0438\u043d\u0438\u0442\u0435, \u044d\u0442\u043e\u0442 \u0442\u0435\u0445\u0442 \u0434\u043e\u0441\u0442\u0443\u043f\u0435\u043d \u0442\u043e\u043b\u044c\u043a\u043e \u0432 \u201c<a href=\"https:\/\/radzima.eu\/et\/wp-json\/wp\/v2\/posts\/4022\" class=\"qtranxs-available-language-link qtranxs-available-language-link-et\" title=\"Eesti\">Eesti<\/a>\u201d. For the sake of viewer convenience, the content is shown below in the alternative language. You may click the link to switch the active language.<\/p><strong>Vahtpidu lastele suve l\u00f5pu t\u00e4histamiseks<\/strong><\/p>\n<p><a href=\"https:\/\/radzima.eu\/wp-content\/uploads\/2026\/08\/791274698_2551388515340691_5756763075497249675_n.jpg\"><img loading=\"lazy\" decoding=\"async\" class=\"alignleft wp-image-4016\" src=\"https:\/\/radzima.eu\/wp-content\/uploads\/2026\/08\/791274698_2551388515340691_5756763075497249675_n-300x297.jpg\" alt=\"\" width=\"160\" height=\"158\" srcset=\"https:\/\/radzima.eu\/wp-content\/uploads\/2026\/08\/791274698_2551388515340691_5756763075497249675_n-300x297.jpg 300w, https:\/\/radzima.eu\/wp-content\/uploads\/2026\/08\/791274698_2551388515340691_5756763075497249675_n-768x759.jpg 768w, https:\/\/radzima.eu\/wp-content\/uploads\/2026\/08\/791274698_2551388515340691_5756763075497249675_n.jpg 946w\" sizes=\"auto, (max-width: 160px) 100vw, 160px\" \/><\/a>30.augustil 2026 osalesid V\u00e4hemusrahvuste Keskuse Radzima\u00a0 \u00a0lapsed Kumnas (Harku vald) toimunud vahufestivalil. See oli lastele elav ja l\u00f5bus tegevus, kus nad m\u00e4ngisid ja l\u00f5butsesid tohutus pehme ja koheva vahupilves.<\/p>\n<p>&nbsp;<\/p>\n<p>&nbsp;<\/p>\n<p><a href=\"https:\/\/radzima.eu\/wp-content\/uploads\/2026\/08\/790626129_2551388575340685_2879703994122929925_n.jpg\"><img loading=\"lazy\" decoding=\"async\" class=\"alignleft wp-image-4017\" src=\"https:\/\/radzima.eu\/wp-content\/uploads\/2026\/08\/790626129_2551388575340685_2879703994122929925_n-225x300.jpg\" alt=\"\" width=\"123\" height=\"164\" srcset=\"https:\/\/radzima.eu\/wp-content\/uploads\/2026\/08\/790626129_2551388575340685_2879703994122929925_n-225x300.jpg 225w, https:\/\/radzima.eu\/wp-content\/uploads\/2026\/08\/790626129_2551388575340685_2879703994122929925_n-768x1024.jpg 768w, https:\/\/radzima.eu\/wp-content\/uploads\/2026\/08\/790626129_2551388575340685_2879703994122929925_n-1152x1536.jpg 1152w, https:\/\/radzima.eu\/wp-content\/uploads\/2026\/08\/790626129_2551388575340685_2879703994122929925_n.jpg 1536w\" sizes=\"auto, (max-width: 123px) 100vw, 123px\" \/><\/a><a href=\"https:\/\/radzima.eu\/wp-content\/uploads\/2026\/08\/790945186_2551388652007344_421012786393387056_n.jpg\"><img loading=\"lazy\" decoding=\"async\" class=\"alignleft wp-image-4018\" src=\"https:\/\/radzima.eu\/wp-content\/uploads\/2026\/08\/790945186_2551388652007344_421012786393387056_n-225x300.jpg\" alt=\"\" width=\"124\" height=\"165\" srcset=\"https:\/\/radzima.eu\/wp-content\/uploads\/2026\/08\/790945186_2551388652007344_421012786393387056_n-225x300.jpg 225w, https:\/\/radzima.eu\/wp-content\/uploads\/2026\/08\/790945186_2551388652007344_421012786393387056_n-768x1024.jpg 768w, https:\/\/radzima.eu\/wp-content\/uploads\/2026\/08\/790945186_2551388652007344_421012786393387056_n-1152x1536.jpg 1152w, https:\/\/radzima.eu\/wp-content\/uploads\/2026\/08\/790945186_2551388652007344_421012786393387056_n.jpg 1536w\" sizes=\"auto, (max-width: 124px) 100vw, 124px\" \/><\/a>Suvi j\u00e4tab h\u00fcvasti&#8230; Ja et lapsed kurvastama ei peaks, oleme neile kinkinud piduliku s\u00fcndmuse, mida nad kindlasti meenutavad\u00a0 terve aasta! Erksad emotsioonid, \u00f5hulised vahupilved, ergas muusika ja suurep\u00e4rane tuju!<\/p>\n<p>&nbsp;<\/p>\n<p>Programm sisaldas:<\/p>\n<p>* Palju vahtu.<\/p>\n<p>* Elav muusika.<\/p>\n<p>* L\u00f5busad m\u00e4ngud ja v\u00f5istlused.<\/p>\n<p>* Tantsimine ja elavate emotsioonide meri.<\/p>\n<p>* Unustamatud fotod ja videod.","protected":false},"excerpt":{"rendered":"<p>\u0418\u0437\u0432\u0438\u043d\u0438\u0442\u0435, \u044d\u0442\u043e\u0442 \u0442\u0435\u0445\u0442 \u0434\u043e\u0441\u0442\u0443\u043f\u0435\u043d \u0442\u043e\u043b\u044c\u043a\u043e \u0432 \u201cEesti\u201d. For the sake of viewer convenience, the content is shown below in the alternative language. You may click the link to switch the active language.Vahtpidu<a class=\"moretag\" href=\"https:\/\/radzima.eu\/ru\/vahtpidu-lastele-suve-lopu-tahistamiseks\/\">Read More&#8230;<\/a><\/p>\n","protected":false},"author":1,"featured_media":0,"comment_status":"closed","ping_status":"closed","sticky":false,"template":"","format":"standard","meta":{"footnotes":""},"categories":[1],"tags":[],"class_list":["post-4022","post","type-post","status-publish","format-standard","hentry","category-1"],"_links":{"self":[{"href":"https:\/\/radzima.eu\/ru\/wp-json\/wp\/v2\/posts\/4022","targetHints":{"allow":["GET"]}}],"collection":[{"href":"https:\/\/radzima.eu\/ru\/wp-json\/wp\/v2\/posts"}],"about":[{"href":"https:\/\/radzima.eu\/ru\/wp-json\/wp\/v2\/types\/post"}],"author":[{"embeddable":true,"href":"https:\/\/radzima.eu\/ru\/wp-json\/wp\/v2\/users\/1"}],"replies":[{"embeddable":true,"href":"https:\/\/radzima.eu\/ru\/wp-json\/wp\/v2\/comments?post=4022"}],"version-history":[{"count":0,"href":"https:\/\/radzima.eu\/ru\/wp-json\/wp\/v2\/posts\/4022\/revisions"}],"wp:attachment":[{"href":"https:\/\/radzima.eu\/ru\/wp-json\/wp\/v2\/media?parent=4022"}],"wp:term":[{"taxonomy":"category","embeddable":true,"href":"https:\/\/radzima.eu\/ru\/wp-json\/wp\/v2\/categories?post=4022"},{"taxonomy":"post_tag","embeddable":true,"href":"https:\/\/radzima.eu\/ru\/wp-json\/wp\/v2\/tags?post=4022"}],"curies":[{"name":"wp","href":"https:\/\/api.w.org\/{rel}","templated":true}]}}