{"id":466,"date":"2018-04-01T00:15:00","date_gmt":"2018-03-31T21:15:00","guid":{"rendered":"https:\/\/radzima.eu\/?p=466"},"modified":"2020-01-17T00:15:26","modified_gmt":"2020-01-16T22:15:26","slug":"valgevene-kultuuri-ja-hariduskeskuse-radzima-avamine","status":"publish","type":"post","link":"https:\/\/radzima.eu\/ru\/valgevene-kultuuri-ja-hariduskeskuse-radzima-avamine\/","title":{"rendered":"(Eesti) Valgevene kultuuri- ja hariduskeskuse &#171;Radzima&#187; avamine"},"content":{"rendered":"<p class=\"qtranxs-available-languages-message qtranxs-available-languages-message-ru\">\u0418\u0437\u0432\u0438\u043d\u0438\u0442\u0435, \u044d\u0442\u043e\u0442 \u0442\u0435\u0445\u0442 \u0434\u043e\u0441\u0442\u0443\u043f\u0435\u043d \u0442\u043e\u043b\u044c\u043a\u043e \u0432 \u201c<a href=\"https:\/\/radzima.eu\/et\/wp-json\/wp\/v2\/posts\/466\" class=\"qtranxs-available-language-link qtranxs-available-language-link-et\" title=\"Eesti\">Eesti<\/a>\u201d. For the sake of viewer convenience, the content is shown below in the alternative language. You may click the link to switch the active language.<\/p><h4><a href=\"https:\/\/radzima.eu\/2018\/04\/01\/%d1%80%d1%83%d1%81%d1%81%d0%ba%d0%b8%d0%b9-%d0%be%d1%82%d0%ba%d1%80%d1%8b%d1%82%d0%b8%d0%b5-%d0%b1%d0%b5%d0%bb%d0%be%d1%80%d1%83%d1%81%d1%81%d0%ba%d0%be%d0%b3%d0%be-%d0%ba%d1%83%d0%bb%d1%8c%d1%82\/radzima1-2\/\" rel=\"attachment wp-att-268\"><img loading=\"lazy\" decoding=\"async\" class=\"alignleft wp-image-268\" src=\"https:\/\/radzima.eu\/wp-content\/uploads\/2020\/01\/RADZIMA1-300x153.jpg\" alt=\"\" width=\"261\" height=\"133\" srcset=\"https:\/\/radzima.eu\/wp-content\/uploads\/2020\/01\/RADZIMA1-300x153.jpg 300w, https:\/\/radzima.eu\/wp-content\/uploads\/2020\/01\/RADZIMA1.jpg 314w\" sizes=\"auto, (max-width: 261px) 100vw, 261px\" \/><\/a><span style=\"color: #0000ff;\">Kutse Valgevene kultuuri- ja hariduskeskuse &#171;Radzima&#187; avamisele<\/span><\/h4>\n<p>13.04.2018 Tallinnas, \u00d5ism\u00e4e tee 105A,\u00a0 toimub Valgevene kultuuri- ja hariduskeskuse &#171;Radzima&#187; pidulik avamine. N\u00fc\u00fcd saavad Valgevene p\u00fchap\u00e4evakool &#171;Busliki&#187; \u00f5pilased ka oma ruumid tundide jaoks.<\/p>\n<p><strong><span style=\"color: #ff0000;\">Kallid s\u00f5brad! Olete v\u00e4ga oodatud \u00fcritusele!<\/span><\/strong><\/p>\n<p><a href=\"https:\/\/radzima.eu\/2020\/01\/17\/%d1%80%d1%83%d1%81%d1%81%d0%ba%d0%b8%d0%b9-%d0%be%d1%82%d0%ba%d1%80%d1%8b%d1%82%d0%b8%d0%b5-%d0%b1%d0%b5%d0%bb%d0%be%d1%80%d1%83%d1%81%d1%81%d0%ba%d0%be%d0%b3%d0%be-%d0%ba%d1%83%d0%bb%d1%8c%d1%82\/%d0%bf%d1%80%d0%b8%d0%b3%d0%bb%d0%b0%d1%88%d0%b5%d0%bd%d0%b8%d0%b5-%d0%bd%d0%b0-%d0%be%d1%82%d0%ba%d1%80%d1%8b%d1%82%d0%b8%d0%b5-%d1%86%d0%b5%d0%bd%d1%82%d1%80%d0%b0-13-04-2018\/\" rel=\"attachment wp-att-462\">\u041f\u0420\u0418\u0413\u041b\u0410\u0428\u0415\u041d\u0418\u0415 \u041d\u0410 \u041e\u0422\u041a\u0420\u042b\u0422\u0418\u0415 \u0426\u0415\u041d\u0422\u0420\u0410 13.04.2018<\/a>","protected":false},"excerpt":{"rendered":"<p>\u0418\u0437\u0432\u0438\u043d\u0438\u0442\u0435, \u044d\u0442\u043e\u0442 \u0442\u0435\u0445\u0442 \u0434\u043e\u0441\u0442\u0443\u043f\u0435\u043d \u0442\u043e\u043b\u044c\u043a\u043e \u0432 \u201cEesti\u201d. For the sake of viewer convenience, the content is shown below in the alternative language. You may click the link to switch the active language.Kutse<a class=\"moretag\" href=\"https:\/\/radzima.eu\/ru\/valgevene-kultuuri-ja-hariduskeskuse-radzima-avamine\/\">Read More&#8230;<\/a><\/p>\n","protected":false},"author":1,"featured_media":0,"comment_status":"closed","ping_status":"closed","sticky":false,"template":"","format":"standard","meta":{"footnotes":""},"categories":[1],"tags":[],"class_list":["post-466","post","type-post","status-publish","format-standard","hentry","category-1"],"_links":{"self":[{"href":"https:\/\/radzima.eu\/ru\/wp-json\/wp\/v2\/posts\/466","targetHints":{"allow":["GET"]}}],"collection":[{"href":"https:\/\/radzima.eu\/ru\/wp-json\/wp\/v2\/posts"}],"about":[{"href":"https:\/\/radzima.eu\/ru\/wp-json\/wp\/v2\/types\/post"}],"author":[{"embeddable":true,"href":"https:\/\/radzima.eu\/ru\/wp-json\/wp\/v2\/users\/1"}],"replies":[{"embeddable":true,"href":"https:\/\/radzima.eu\/ru\/wp-json\/wp\/v2\/comments?post=466"}],"version-history":[{"count":0,"href":"https:\/\/radzima.eu\/ru\/wp-json\/wp\/v2\/posts\/466\/revisions"}],"wp:attachment":[{"href":"https:\/\/radzima.eu\/ru\/wp-json\/wp\/v2\/media?parent=466"}],"wp:term":[{"taxonomy":"category","embeddable":true,"href":"https:\/\/radzima.eu\/ru\/wp-json\/wp\/v2\/categories?post=466"},{"taxonomy":"post_tag","embeddable":true,"href":"https:\/\/radzima.eu\/ru\/wp-json\/wp\/v2\/tags?post=466"}],"curies":[{"name":"wp","href":"https:\/\/api.w.org\/{rel}","templated":true}]}}